{"id":14255,"date":"2016-04-20T16:32:48","date_gmt":"2016-04-20T19:32:48","guid":{"rendered":"http:\/\/catolicanet.net\/wp-cnet\/2016\/04\/20\/oracao-para-aprender-a-amar-e-ser-feliz\/"},"modified":"2017-05-31T11:03:02","modified_gmt":"2017-05-31T14:03:02","slug":"oracao-para-aprender-a-amar-e-ser-feliz","status":"publish","type":"post","link":"https:\/\/catolicanet.net\/wp-cnet\/oracao-para-aprender-a-amar-e-ser-feliz\/","title":{"rendered":"Ora\u00e7\u00e3o para aprender a amar e ser feliz"},"content":{"rendered":"<p style=\"text-align: justify;\"><img decoding=\"async\" src=\"http:\/\/catolicanet.com.br\/images\/stories\/geral\/corac3a7c3a3o-.jpg\" border=\"0\" align=\"left\" \/>&#8220;Cura as feridas do meu cora\u00e7\u00e3o, que causam medo e dor, para poder viver com todas as capacidades que me presenteaste&#8230;&#8221;<\/p>\n<p>Embora achemos que os mandamentos de Deus s\u00e3o uma imposi\u00e7\u00e3o pesada, eles s\u00e3o, na realidade, o caminho para o sentido e para a felicidade na vida; um caminho tra\u00e7ado por Aquele que sabe mais do que n\u00f3s, que nos ama infinitamente e que quer nos ensinar a amar tamb\u00e9m sem medida.<\/p>\n<p>O caminho contr\u00e1rio, o do mal, \u00e9 sempre atrativo e nos d\u00e1 a impress\u00e3o de que, nele, seremos mais felizes. Mas \u00e9 um caminho de apar\u00eancia, cujo destino real \u00e9 a infelicidade.<\/p>\n<p>O caminho da realiza\u00e7\u00e3o verdadeira \u00e9 o do amor concreto pelos nossos irm\u00e3os \u2013 porque em cada um deles, vive Jesus mesmo. Jesus nos ensina que, no fim da nossa vida terrena, n\u00e3o seremos julgados com base em nossas posses ou t\u00edtulos. \u201cSeremos medidos pelo amor\u201d \u2013 e \u201ca medida do amor \u00e9 amar sem medida\u201d.<\/p>\n<p>Ora\u00e7\u00e3o<\/p>\n<p>Senhor, eu venho a Ti, me prostro aos teus p\u00e9s para que Tu conduzas os meus passos.<\/p>\n<p>Ensina-me a percorrer os teus caminhos! Eu n\u00e3o quero viver longe de Ti, do teu amor, do teu abra\u00e7o consolador. Vem e muda o meu cora\u00e7\u00e3o!<\/p>\n<p>Reconhe\u00e7o que em muito te defraudei, mas o teu amor pode levantar-me, pode curar-me e pode transformar-me.<\/p>\n<p>Vem e ensina-me a amar, a entender que s\u00f3 em Ti encontrarei felicidade verdadeira, que s\u00f3 Tu podes mudar a minha vida e me mostrar o que mais me conv\u00e9m.<\/p>\n<p>Eu desejo abrir a porta do meu cora\u00e7\u00e3o \u00e0 tua presen\u00e7a renovadora, ao manancial de gra\u00e7as que Tu derramas atrav\u00e9s de teus sacramentos.<\/p>\n<p>Concede-me o dom da alegria! Cura as feridas do meu cora\u00e7\u00e3o, que causam medo e dor, para poder viver com todas as capacidades que me presenteaste.<\/p>\n<p>Eu confio no teu amor. Tu \u00e9s o dono da minha vida. Am\u00e9m.<\/p>\n<p style=\"text-align: justify;\">Fonte: Aleteia<\/p>\n","protected":false},"excerpt":{"rendered":"<p>&#8220;Cura as feridas do meu cora\u00e7\u00e3o, que causam medo e dor, para poder viver com todas as capacidades que me presenteaste&#8230;&#8221; Embora achemos que os mandamentos de Deus s\u00e3o uma imposi\u00e7\u00e3o pesada, eles s\u00e3o, na realidade, o caminho para o sentido e para a felicidade na vida; um caminho tra\u00e7ado por Aquele que sabe mais [&hellip;]<\/p>\n","protected":false},"author":1,"featured_media":0,"comment_status":"open","ping_status":"open","sticky":false,"template":"","format":"standard","meta":{"footnotes":""},"categories":[4],"tags":[],"class_list":["post-14255","post","type-post","status-publish","format-standard","hentry","category-cotidiano"],"_links":{"self":[{"href":"https:\/\/catolicanet.net\/wp-cnet\/wp-json\/wp\/v2\/posts\/14255","targetHints":{"allow":["GET"]}}],"collection":[{"href":"https:\/\/catolicanet.net\/wp-cnet\/wp-json\/wp\/v2\/posts"}],"about":[{"href":"https:\/\/catolicanet.net\/wp-cnet\/wp-json\/wp\/v2\/types\/post"}],"author":[{"embeddable":true,"href":"https:\/\/catolicanet.net\/wp-cnet\/wp-json\/wp\/v2\/users\/1"}],"replies":[{"embeddable":true,"href":"https:\/\/catolicanet.net\/wp-cnet\/wp-json\/wp\/v2\/comments?post=14255"}],"version-history":[{"count":1,"href":"https:\/\/catolicanet.net\/wp-cnet\/wp-json\/wp\/v2\/posts\/14255\/revisions"}],"predecessor-version":[{"id":26130,"href":"https:\/\/catolicanet.net\/wp-cnet\/wp-json\/wp\/v2\/posts\/14255\/revisions\/26130"}],"wp:attachment":[{"href":"https:\/\/catolicanet.net\/wp-cnet\/wp-json\/wp\/v2\/media?parent=14255"}],"wp:term":[{"taxonomy":"category","embeddable":true,"href":"https:\/\/catolicanet.net\/wp-cnet\/wp-json\/wp\/v2\/categories?post=14255"},{"taxonomy":"post_tag","embeddable":true,"href":"https:\/\/catolicanet.net\/wp-cnet\/wp-json\/wp\/v2\/tags?post=14255"}],"curies":[{"name":"wp","href":"https:\/\/api.w.org\/{rel}","templated":true}]}}