{"id":14246,"date":"2016-04-20T14:35:59","date_gmt":"2016-04-20T17:35:59","guid":{"rendered":"http:\/\/catolicanet.net\/wp-cnet\/2016\/04\/20\/a-europa-de-hoje-como-a-ateia-uniao-sovietica-a-acusacao-do-metropolita-hilarion\/"},"modified":"2017-05-31T11:03:04","modified_gmt":"2017-05-31T14:03:04","slug":"a-europa-de-hoje-como-a-ateia-uniao-sovietica-a-acusacao-do-metropolita-hilarion","status":"publish","type":"post","link":"https:\/\/catolicanet.net\/wp-cnet\/a-europa-de-hoje-como-a-ateia-uniao-sovietica-a-acusacao-do-metropolita-hilarion\/","title":{"rendered":"\u201cA Europa de hoje como a at\u00e9ia Uni\u00e3o Sovi\u00e9tica\u201d. A acusa\u00e7\u00e3o do Metropolita Hilarion"},"content":{"rendered":"<p style=\"text-align: justify;\"><img decoding=\"async\" src=\"http:\/\/catolicanet.com.br\/images\/stories\/geral\/abandoned-church-740x493.jpg\" border=\"0\" align=\"left\" \/>O representante do Patriarcado de Moscou observa que os pap\u00e9is foram invertidos: o Ocidente, um tempo crist\u00e3o, \u00e9 agora secularizado, a R\u00fassia, um tempo at\u00e9ia, desfruta agora de um renascimento da f\u00e9<br \/>19 abril 2016RedacaoIgreja e Religi\u00e3o<br \/>abandoned-church-740&#215;493\u00a0\u00a0\u00a0 <\/p>\n<p>As lideran\u00e7as do episcopado russo-ortodoxo n\u00e3o apreciam, de fato, o clima cultural que se respira no Ocidente, acusado de ter cortado as ra\u00edzes crist\u00e3s cedendo o passo ao secularismo. Assim confirma o chefe do Departamento sinodal para as rela\u00e7\u00f5es estrangeiras do Patriarcado de Moscou, o metropolita Hilarion de Volokolamsk, em entrevista ao programa \u201cA Igreja e o mundo\u201d, transmitido em Rossiya 24.<\/p>\n<p>Ele acha \u201csurpreendente\u201d que \u201cem um certo sentido, as civiliza\u00e7\u00f5es russas e europeias tenham trocado os pap\u00e9is\u201d. Um tempo \u2013 recordou Hilarion \u2013 a Uni\u00e3o Sovi\u00e9tica era a p\u00e1tria do ate\u00edsmo de Estado, enquanto que o Ocidente era visto como intimamente ligado \u00e0 religi\u00e3o crist\u00e3. Hoje em dia, contudo, a tend\u00eancia \u00e9 invertida. A f\u00e9 e a Igreja est\u00e3o revivendo na R\u00fassia, \u00e0 luz das novas igrejas constru\u00eddas e pelos mosteiros e escolas teol\u00f3gicas inauguradas.<\/p>\n<p>Enquanto \u201ca religiosidade est\u00e1 em decl\u00ednio no Ocidente \u2013 comenta -, as igrejas s\u00e3o fechadas, \u00e0s vezes, vendidas\u201d. Hilarion observa que \u201csecularismo e ate\u00edsmo\u201d tornaram-se novas ideologias na Europa ocidental. Claro \u2013 acrescenta \u2013 \u201ca Igreja n\u00e3o \u00e9 perseguida como acontecia no per\u00edodo sovi\u00e9tico, quando as igrejas eram destru\u00eddas. Mas a ideologia da moderna Europa laica exclui a Igreja e a religi\u00e3o da esfera p\u00fablica\u201d, para releg\u00e1-la a um assunto privado que n\u00e3o afeta as atividades p\u00fablicas e profissionais.<\/p>\n<p>O metropolita acredita, por fim, que o renascimento religioso da Europa passar\u00e1 por meio de uma \u201cembriaguez da liberdade, de permissividade\u201d, que vai fazer as pessoas entenderem onde \u00e9 que tudo isto leva e as induzir\u00e1, portanto, a \u201cvoltar \u00e0s ra\u00edzes crist\u00e3s\u201d.<\/p>\n<p style=\"text-align: justify;\">Fonte: Zenit<\/p>\n","protected":false},"excerpt":{"rendered":"<p>O representante do Patriarcado de Moscou observa que os pap\u00e9is foram invertidos: o Ocidente, um tempo crist\u00e3o, \u00e9 agora secularizado, a R\u00fassia, um tempo at\u00e9ia, desfruta agora de um renascimento da f\u00e919 abril 2016RedacaoIgreja e Religi\u00e3oabandoned-church-740&#215;493\u00a0\u00a0\u00a0 As lideran\u00e7as do episcopado russo-ortodoxo n\u00e3o apreciam, de fato, o clima cultural que se respira no Ocidente, acusado de [&hellip;]<\/p>\n","protected":false},"author":1,"featured_media":0,"comment_status":"open","ping_status":"open","sticky":false,"template":"","format":"standard","meta":{"footnotes":""},"categories":[4],"tags":[],"class_list":["post-14246","post","type-post","status-publish","format-standard","hentry","category-cotidiano"],"_links":{"self":[{"href":"https:\/\/catolicanet.net\/wp-cnet\/wp-json\/wp\/v2\/posts\/14246","targetHints":{"allow":["GET"]}}],"collection":[{"href":"https:\/\/catolicanet.net\/wp-cnet\/wp-json\/wp\/v2\/posts"}],"about":[{"href":"https:\/\/catolicanet.net\/wp-cnet\/wp-json\/wp\/v2\/types\/post"}],"author":[{"embeddable":true,"href":"https:\/\/catolicanet.net\/wp-cnet\/wp-json\/wp\/v2\/users\/1"}],"replies":[{"embeddable":true,"href":"https:\/\/catolicanet.net\/wp-cnet\/wp-json\/wp\/v2\/comments?post=14246"}],"version-history":[{"count":1,"href":"https:\/\/catolicanet.net\/wp-cnet\/wp-json\/wp\/v2\/posts\/14246\/revisions"}],"predecessor-version":[{"id":26133,"href":"https:\/\/catolicanet.net\/wp-cnet\/wp-json\/wp\/v2\/posts\/14246\/revisions\/26133"}],"wp:attachment":[{"href":"https:\/\/catolicanet.net\/wp-cnet\/wp-json\/wp\/v2\/media?parent=14246"}],"wp:term":[{"taxonomy":"category","embeddable":true,"href":"https:\/\/catolicanet.net\/wp-cnet\/wp-json\/wp\/v2\/categories?post=14246"},{"taxonomy":"post_tag","embeddable":true,"href":"https:\/\/catolicanet.net\/wp-cnet\/wp-json\/wp\/v2\/tags?post=14246"}],"curies":[{"name":"wp","href":"https:\/\/api.w.org\/{rel}","templated":true}]}}