{"id":14244,"date":"2016-04-20T14:30:51","date_gmt":"2016-04-20T17:30:51","guid":{"rendered":"http:\/\/catolicanet.net\/wp-cnet\/2016\/04\/20\/nos-lamentamos-as-nossas-irmas-mas-a-morte-nao-e-o-fim-dizem-freiras-do-equador\/"},"modified":"2017-05-31T13:33:57","modified_gmt":"2017-05-31T16:33:57","slug":"nos-lamentamos-as-nossas-irmas-mas-a-morte-nao-e-o-fim-dizem-freiras-do-equador","status":"publish","type":"post","link":"https:\/\/catolicanet.net\/wp-cnet\/nos-lamentamos-as-nossas-irmas-mas-a-morte-nao-e-o-fim-dizem-freiras-do-equador\/","title":{"rendered":"\u201cN\u00f3s lamentamos as nossas irm\u00e3s, mas a morte n\u00e3o \u00e9 o fim\u201d, dizem freiras do Equador"},"content":{"rendered":"<p style=\"text-align: justify;\"><img decoding=\"async\" src=\"http:\/\/catolicanet.com.br\/images\/stories\/geral\/freiras-equador.png\" border=\"0\" align=\"left\" \/>Testemunho das \u201cServas do Lar da M\u00e3e\u201d de Playa Prieta que perderam cinco freiras no terr\u00edvel terremoto <\/p>\n<p>Continuam a chegar not\u00edcias confusas dos meios de comunica\u00e7\u00e3o sobre o terr\u00edvel terremoto acontecido no \u00faltimo dia 16 de abril no Equador. Em especial sobre o n\u00famero de v\u00edtimas, entre as quais tamb\u00e9m uma religiosa e cinco postulantes da comunidade das irm\u00e3s \u201cSiervas del Hogar de la Madre \u2013 Servas do Lar da M\u00e3e\u201d de Playa Prieta.<\/p>\n<p>A este respeito, Irm\u00e3 Beatriz Lia\u00f1o, diretora da sala de imprensa da ordem, divulgou um comunicado para esclarecer a situa\u00e7\u00e3o que vivem as suas comunidades e como estas foram atingidas pelo terr\u00edvel terremoto que assolou o pa\u00eds.<\/p>\n<p>\u201cN\u00f3s, Servas do Lar da M\u00e3e, temos tr\u00eas comunidades no Equador. Uma em Guayaquil e duas na prov\u00edncia de Manabi, na cidade de Chone e Playa Prieta. Essa \u00faltima foi precisamente a mais afetada pelo terremoto\u201d, diz o comunicado.<\/p>\n<p>Precisamente em Playa Prieta \u201cas nossas irm\u00e3s gerenciam a Escola \u201cSagrada Fam\u00edlia\u201d, que d\u00e1 forma\u00e7\u00e3o humana e religiosa a mais de quatrocentos jovens do lugar. A casa das irm\u00e3s estava no segundo andar de um dos edif\u00edcios inclu\u00eddos nas instala\u00e7\u00f5es da escola. No momento do terremoto, \u00e0s 18h58 (hora do Equador), no interior do edif\u00edcio haviam quatro freiras professas da comunidade\u201d.<\/p>\n<p>Ap\u00f3s o terremoto todas as religiosas e postulantes de Playa Prieta ficaram sob os escombros. Uma religiosa e cinco postulantes perderam a vida.<\/p>\n<p>\u201cComo irm\u00e3s que realmente amam o Senhor, n\u00f3s lamentamos a perda de nossas irm\u00e3s, mas a f\u00e9 nos assegura que \u201ca morte n\u00e3o \u00e9 o fim\u201d, afirma a nota.<\/p>\n<p>Por fim, conclui a nota, \u201caproveitamos a oportunidade que nos oferecem estas linhas para agradecer as muitas manifesta\u00e7\u00f5es de afeto que estamos recebendo\u201d, e solicitam que \u201crezem por n\u00f3s, para que sejamos verdadeiramente aquilo que devemos ser e vivamos com plenitude a nossa voca\u00e7\u00e3o de \u201cEsposas do Crucificado\u201d.<\/p>\n<p style=\"text-align: justify;\">Fonte: Zenit<\/p>\n","protected":false},"excerpt":{"rendered":"<p>Testemunho das \u201cServas do Lar da M\u00e3e\u201d de Playa Prieta que perderam cinco freiras no terr\u00edvel terremoto Continuam a chegar not\u00edcias confusas dos meios de comunica\u00e7\u00e3o sobre o terr\u00edvel terremoto acontecido no \u00faltimo dia 16 de abril no Equador. Em especial sobre o n\u00famero de v\u00edtimas, entre as quais tamb\u00e9m uma religiosa e cinco postulantes [&hellip;]<\/p>\n","protected":false},"author":1,"featured_media":0,"comment_status":"open","ping_status":"open","sticky":false,"template":"","format":"standard","meta":{"footnotes":""},"categories":[4],"tags":[],"class_list":["post-14244","post","type-post","status-publish","format-standard","hentry","category-cotidiano"],"_links":{"self":[{"href":"https:\/\/catolicanet.net\/wp-cnet\/wp-json\/wp\/v2\/posts\/14244","targetHints":{"allow":["GET"]}}],"collection":[{"href":"https:\/\/catolicanet.net\/wp-cnet\/wp-json\/wp\/v2\/posts"}],"about":[{"href":"https:\/\/catolicanet.net\/wp-cnet\/wp-json\/wp\/v2\/types\/post"}],"author":[{"embeddable":true,"href":"https:\/\/catolicanet.net\/wp-cnet\/wp-json\/wp\/v2\/users\/1"}],"replies":[{"embeddable":true,"href":"https:\/\/catolicanet.net\/wp-cnet\/wp-json\/wp\/v2\/comments?post=14244"}],"version-history":[{"count":1,"href":"https:\/\/catolicanet.net\/wp-cnet\/wp-json\/wp\/v2\/posts\/14244\/revisions"}],"predecessor-version":[{"id":26134,"href":"https:\/\/catolicanet.net\/wp-cnet\/wp-json\/wp\/v2\/posts\/14244\/revisions\/26134"}],"wp:attachment":[{"href":"https:\/\/catolicanet.net\/wp-cnet\/wp-json\/wp\/v2\/media?parent=14244"}],"wp:term":[{"taxonomy":"category","embeddable":true,"href":"https:\/\/catolicanet.net\/wp-cnet\/wp-json\/wp\/v2\/categories?post=14244"},{"taxonomy":"post_tag","embeddable":true,"href":"https:\/\/catolicanet.net\/wp-cnet\/wp-json\/wp\/v2\/tags?post=14244"}],"curies":[{"name":"wp","href":"https:\/\/api.w.org\/{rel}","templated":true}]}}