{"id":14234,"date":"2016-04-19T13:26:18","date_gmt":"2016-04-19T16:26:18","guid":{"rendered":"http:\/\/catolicanet.net\/wp-cnet\/2016\/04\/19\/igrejacultura-lmisericordia-e-dialogosr-nas-conferencias-de-maio\/"},"modified":"2017-05-31T11:03:06","modified_gmt":"2017-05-31T14:03:06","slug":"igrejacultura-lmisericordia-e-dialogosr-nas-conferencias-de-maio","status":"publish","type":"post","link":"https:\/\/catolicanet.net\/wp-cnet\/igrejacultura-lmisericordia-e-dialogosr-nas-conferencias-de-maio\/","title":{"rendered":"Igreja\/Cultura: \u00abMiseric\u00f3rdia e di\u00e1logos\u00bb nas confer\u00eancias de maio"},"content":{"rendered":"<p style=\"text-align: justify;\"><img decoding=\"async\" src=\"http:\/\/catolicanet.com.br\/images\/stories\/geral\/p1080111.jpg\" border=\"0\" align=\"left\" \/>Promovidas pelo Centro de Reflex\u00e3o Crist\u00e3<\/p>\n<p>Lisboa, 19 abr 2016 (Ecclesia) \u2013 As confer\u00eancias de maio, promovidas pelo Centro de Reflex\u00e3o Crist\u00e3 (CRC), t\u00eam como tema \u00abMiseric\u00f3rdia e di\u00e1logos \u2013 chamados \u00e0 coragem\u00bb e realizam-se, \u00e0s 18.30, no Centro Nacional de Cultura.<\/p>\n<p>A primeira confer\u00eancia, a realizar dia 04 de maio, tem como tema \u00abNovos sinais dos tempos &#8211; o desafio da miseric\u00f3rdia\u00bb com Alfredo Bruto da Costa, frei Jos\u00e9 Nunes e Maria Carlos Ramos.<\/p>\n<p>Uma semana depois, no mesmo local, \u00e9 a vez de Jos\u00e9 Magalh\u00e3es, Rui Marques e Susana Ramos falarem sobre \u00abPovo a Caminho &#8211; Ref\u00fagio, Hospitalidade e Justi\u00e7a\u00bb, real\u00e7a uma nota enviada \u00e0 Ag\u00eancia ECCLESIA.<\/p>\n<p>\u00abDi\u00e1logos contra a indiferen\u00e7a, a exclus\u00e3o e a viol\u00eancia\u00bb \u00e9 o pilar central desta iniciativa, no dia 18 de maio, e que vai ser desenvolvido por Joana Lopes Martins, Maria Julieta Mendes Dias e Pedro Vaz Patto.<\/p>\n<p>A \u00faltima confer\u00eancia de maio vai ser no dia 25 de maio sobre \u00abChamados \u00e0 Coragem &#8211; Dialogar olhos nos olhos\u00bb e tem como intervenientes Abdool Karim Vakil, Guilherme D\u2019 Oliveira Martins e Helena Valentim.<\/p>\n<p>A entidade promotora desta iniciativa formativa, Centro de Reflex\u00e3o Crist\u00e3, \u00e9 um \u201cespa\u00e7o de di\u00e1logo entre crist\u00e3os de diferentes sensibilidades, e entre crist\u00e3os e n\u00e3o crist\u00e3os\u201d, l\u00ea-se no site.<\/p>\n<p>Fonte: Ag\u00eancia Ecclesia<\/p>\n","protected":false},"excerpt":{"rendered":"<p>Promovidas pelo Centro de Reflex\u00e3o Crist\u00e3 Lisboa, 19 abr 2016 (Ecclesia) \u2013 As confer\u00eancias de maio, promovidas pelo Centro de Reflex\u00e3o Crist\u00e3 (CRC), t\u00eam como tema \u00abMiseric\u00f3rdia e di\u00e1logos \u2013 chamados \u00e0 coragem\u00bb e realizam-se, \u00e0s 18.30, no Centro Nacional de Cultura. A primeira confer\u00eancia, a realizar dia 04 de maio, tem como tema \u00abNovos [&hellip;]<\/p>\n","protected":false},"author":1,"featured_media":0,"comment_status":"open","ping_status":"open","sticky":false,"template":"","format":"standard","meta":{"footnotes":""},"categories":[4],"tags":[],"class_list":["post-14234","post","type-post","status-publish","format-standard","hentry","category-cotidiano"],"_links":{"self":[{"href":"https:\/\/catolicanet.net\/wp-cnet\/wp-json\/wp\/v2\/posts\/14234","targetHints":{"allow":["GET"]}}],"collection":[{"href":"https:\/\/catolicanet.net\/wp-cnet\/wp-json\/wp\/v2\/posts"}],"about":[{"href":"https:\/\/catolicanet.net\/wp-cnet\/wp-json\/wp\/v2\/types\/post"}],"author":[{"embeddable":true,"href":"https:\/\/catolicanet.net\/wp-cnet\/wp-json\/wp\/v2\/users\/1"}],"replies":[{"embeddable":true,"href":"https:\/\/catolicanet.net\/wp-cnet\/wp-json\/wp\/v2\/comments?post=14234"}],"version-history":[{"count":1,"href":"https:\/\/catolicanet.net\/wp-cnet\/wp-json\/wp\/v2\/posts\/14234\/revisions"}],"predecessor-version":[{"id":26138,"href":"https:\/\/catolicanet.net\/wp-cnet\/wp-json\/wp\/v2\/posts\/14234\/revisions\/26138"}],"wp:attachment":[{"href":"https:\/\/catolicanet.net\/wp-cnet\/wp-json\/wp\/v2\/media?parent=14234"}],"wp:term":[{"taxonomy":"category","embeddable":true,"href":"https:\/\/catolicanet.net\/wp-cnet\/wp-json\/wp\/v2\/categories?post=14234"},{"taxonomy":"post_tag","embeddable":true,"href":"https:\/\/catolicanet.net\/wp-cnet\/wp-json\/wp\/v2\/tags?post=14234"}],"curies":[{"name":"wp","href":"https:\/\/api.w.org\/{rel}","templated":true}]}}