{"id":1423,"date":"2012-01-19T12:49:38","date_gmt":"2012-01-19T14:49:38","guid":{"rendered":"http:\/\/catolicanet.net\/wp-cnet\/costa-concordia-ultima-brasileira-nao-ve-a-hora-de-voltar-para-casa\/"},"modified":"2017-03-20T14:08:03","modified_gmt":"2017-03-20T17:08:03","slug":"costa-concordia-ultima-brasileira-nao-ve-a-hora-de-voltar-para-casa","status":"publish","type":"post","link":"https:\/\/catolicanet.net\/wp-cnet\/costa-concordia-ultima-brasileira-nao-ve-a-hora-de-voltar-para-casa\/","title":{"rendered":"Costa Concordia: \u00faltima brasileira n\u00e3o v\u00ea a hora de voltar para casa"},"content":{"rendered":"<p style=\"text-align: justify;\"><img decoding=\"async\" src=\"images\/stories\/barasileirodacostaconcordia.jpg\" border=\"0\" align=\"left\" \/>Ma\u00edra Sakura, paulistana de 31 anos, foi a \u00faltima brasileira a receber os novos documentos. Ela retirou o novo passaporte no Consulado Geral do Brasil, em Roma, nesta quarta-feira. Cinco dias ap\u00f3s o naufr\u00e1gio, Ma\u00edra deu um depoimento \u00e0 RV na cidade de Civitavecchia, de onde partem os navios de cruzeiro na It\u00e1lia. Tudo isso aconteceu justamente no dia em que ela reencontrou o marido Andrea, que tamb\u00e9m trabalhava no navio.<\/p>\n<p>Como eu sou casada com um italiano, eu precisava tanto dos documentos italianos para poder permanecer aqui, assim como dos brasileiros para poder voltar para casa. A Costa Cruzeiros ajudou a gente em todos os momentos. Eles entraram em contato com o Consulado e quando eu cheguei l\u00e1 j\u00e1 estava tudo praticamente pronto e eu ganhei meu novo passaporte provis\u00f3rio, contou.<\/p>\n<p>Apesar de passar quase nove meses por ano a bordo de um cruzeiro e ter resid\u00eancia na It\u00e1lia, Ma\u00edra n\u00e3o v\u00ea a hora de chegar ao Brasil. E aproveitou para mandar um recado para os pais.<\/p>\n<p>Aqui est\u00e1 tudo bem, estou bem. Gra\u00e7as a Deus conseguimos nos salvar e esperem s\u00f3 mais um pouquinho que logo eu estou chegando, adiantou <\/p>\n<p>No total, todos os 57 brasileiros  entre passageiros e tripulantes  que estavam a bordo do navio Costa Concordia, que naufragou na sexta-feira, 13 de janeiro, j\u00e1 voltaram para a casa.<\/p>\n","protected":false},"excerpt":{"rendered":"<p>Ma\u00edra Sakura, paulistana de 31 anos, foi a \u00faltima brasileira a receber os novos documentos. Ela retirou o novo passaporte no Consulado Geral do Brasil, em Roma, nesta quarta-feira. Cinco dias ap\u00f3s o naufr\u00e1gio, Ma\u00edra deu um depoimento \u00e0 RV na cidade de Civitavecchia, de onde partem os navios de cruzeiro na It\u00e1lia. Tudo isso [&hellip;]<\/p>\n","protected":false},"author":1,"featured_media":1422,"comment_status":"closed","ping_status":"closed","sticky":false,"template":"","format":"standard","meta":{"footnotes":""},"categories":[3],"tags":[],"class_list":["post-1423","post","type-post","status-publish","format-standard","has-post-thumbnail","hentry","category-vaticano"],"_links":{"self":[{"href":"https:\/\/catolicanet.net\/wp-cnet\/wp-json\/wp\/v2\/posts\/1423","targetHints":{"allow":["GET"]}}],"collection":[{"href":"https:\/\/catolicanet.net\/wp-cnet\/wp-json\/wp\/v2\/posts"}],"about":[{"href":"https:\/\/catolicanet.net\/wp-cnet\/wp-json\/wp\/v2\/types\/post"}],"author":[{"embeddable":true,"href":"https:\/\/catolicanet.net\/wp-cnet\/wp-json\/wp\/v2\/users\/1"}],"replies":[{"embeddable":true,"href":"https:\/\/catolicanet.net\/wp-cnet\/wp-json\/wp\/v2\/comments?post=1423"}],"version-history":[{"count":1,"href":"https:\/\/catolicanet.net\/wp-cnet\/wp-json\/wp\/v2\/posts\/1423\/revisions"}],"predecessor-version":[{"id":6718,"href":"https:\/\/catolicanet.net\/wp-cnet\/wp-json\/wp\/v2\/posts\/1423\/revisions\/6718"}],"wp:featuredmedia":[{"embeddable":true,"href":"https:\/\/catolicanet.net\/wp-cnet\/wp-json\/wp\/v2\/media\/1422"}],"wp:attachment":[{"href":"https:\/\/catolicanet.net\/wp-cnet\/wp-json\/wp\/v2\/media?parent=1423"}],"wp:term":[{"taxonomy":"category","embeddable":true,"href":"https:\/\/catolicanet.net\/wp-cnet\/wp-json\/wp\/v2\/categories?post=1423"},{"taxonomy":"post_tag","embeddable":true,"href":"https:\/\/catolicanet.net\/wp-cnet\/wp-json\/wp\/v2\/tags?post=1423"}],"curies":[{"name":"wp","href":"https:\/\/api.w.org\/{rel}","templated":true}]}}