{"id":14229,"date":"2016-04-19T12:58:41","date_gmt":"2016-04-19T15:58:41","guid":{"rendered":"http:\/\/catolicanet.net\/wp-cnet\/2016\/04\/19\/papa-francisco-ninguem-fica-orfao-quando-atraido-por-jesus\/"},"modified":"2017-06-02T11:53:20","modified_gmt":"2017-06-02T14:53:20","slug":"papa-francisco-ninguem-fica-orfao-quando-atraido-por-jesus","status":"publish","type":"post","link":"https:\/\/catolicanet.net\/wp-cnet\/papa-francisco-ninguem-fica-orfao-quando-atraido-por-jesus\/","title":{"rendered":"Papa Francisco: ningu\u00e9m fica \u00f3rf\u00e3o quando atra\u00eddo por Jesus"},"content":{"rendered":"<p style=\"text-align: justify;\"><img decoding=\"async\" src=\"http:\/\/catolicanet.com.br\/images\/stories\/geral\/ossrom104926_articolo.jpg\" border=\"0\" align=\"left\" \/>\u201cUm crist\u00e3o que n\u00e3o se deixa atrair pelo Pai \u00e9 um crist\u00e3o que vive como um \u00f3rf\u00e3o\u201d. Foi o que afirmou o Papa Francisco na homilia da Missa celebrada na manh\u00e3 desta ter\u00e7a-feira, (19\/04), na capela da Casa Santa Marta.<\/p>\n<p>Francisco inicia sua reflex\u00e3o partindo da pergunta que os judeus fazem a Jesus, contida no Evangelho do dia: \u201c\u00c9s tu o Messias?\u201d<\/p>\n<p>Esta pergunta, que escribas e fariseus repetir\u00e3o v\u00e1rias vezes, observou Francisco, nasce de uma cora\u00e7\u00e3o cego. Uma cegueira de f\u00e9 que o pr\u00f3prio Jesus explica: \u201cv\u00f3s n\u00e3o acreditais, porque n\u00e3o sois das minhas ovelhas\u201d. Fazer parte do rebanho de Deus \u00e9 uma gra\u00e7a, mas \u00e9 necess\u00e1rio um cora\u00e7\u00e3o dispon\u00edvel:<\/p>\n<p>\u201c\u2018As minhas ovelhas escutam a minha voz, eu as conhe\u00e7o e elas me seguem. Eu dou-lhes a vida eterna e elas jamais se perder\u00e3o. E ningu\u00e9m vai arranc\u00e1-las de minha m\u00e3o\u2019. Essas ovelhas estudaram para seguir Jesus e depois acreditaram? N\u00e3o. \u2018Meu Pai, que me deu estas ovelhas, \u00e9 maior que todos\u2019. \u00c9 propriamente o Pai que d\u00e1 as ovelhas ao pasto. \u00c9 o Pai que atrai os cora\u00e7\u00f5es para Jesus\u201d.<\/p>\n<p>Como \u00f3rf\u00e3os<\/p>\n<p>A dureza de cora\u00e7\u00e3o de escribas e fariseus, que veem as obras realizadas por Jesus mas se negam a reconhecer Nele o Messias, \u00e9 \u201cum drama\u201d, afirmou Francisco, que \u201cvai avante at\u00e9 o Calv\u00e1rio\u201d. Ou melhor, prossegue inclusive depois da Ressurrei\u00e7\u00e3o, quando sugerem aos soldados que vigiavam o sepulcro para que digam que estavam dormindo e, assim, atribuir aos disc\u00edpulos o roubo do corpo de Cristo. Nem mesmo o testemunho de quem assistiu \u00e0 Ressurrei\u00e7\u00e3o os fez mudar de ideia. \u201cS\u00e3o \u00f3rf\u00e3os\u201d, reiterou Francisco, \u201cporque renegaram o seu Pai\u201d:<\/p>\n<p>\u201cEstes doutores da lei tinham o cora\u00e7\u00e3o fechado, se sentiam donos de si mesmos e, na realidade, eram \u00f3rf\u00e3os porque n\u00e3o tinham uma rela\u00e7\u00e3o com o Pai. Falavam, sim, de seus Pais \u2013 o nosso pai Abra\u00e3o, os Patriarcas&#8230; \u2013 falavam, mas como figuras distantes. Em seus cora\u00e7\u00f5es eram \u00f3rf\u00e3os, viviam no estado de \u00f3rf\u00e3os, em condi\u00e7\u00f5es de \u00f3rf\u00e3os, e preferiam isso a deixar-se atrair pelo Pai. E este \u00e9 o drama do cora\u00e7\u00e3o fechado destas pessoas\u201d.<\/p>\n<p>\u201cAtrai-me para Jesus\u201d<\/p>\n<p>A import\u00e2ncia de se deixar atrair por Deus \u2013 enfatiza o Papa ao recordar a Primeira leitura \u2013 se percebe na not\u00edcia que chegou a Jerusal\u00e9m de que muitos pag\u00e3os se abriam \u00e0 f\u00e9 em Cristo gra\u00e7as \u00e0 prega\u00e7\u00e3o dos disc\u00edpulos. Eles levaram a Palavra at\u00e9 a Fen\u00edcia, Chipre e Antioquia onde, num primeiro momento, tamb\u00e9m tiveram medo, mas o cora\u00e7\u00e3o aberto os guiou. Um cora\u00e7\u00e3o como aquele de Barnab\u00e9 que, enviado a Antioquia, n\u00e3o se escandaliza com a convers\u00e3o dos pag\u00e3os porque, finaliza o Papa, \u201caceitou a novidade\u201d, se \u201cdeixou atrair pelo Pai por Cristo\u201d:<\/p>\n<p>\u201cJesus nos convida a sermos seus disc\u00edpulos mas, para s\u00ea-lo, devemos nos deixar atrair pelo Pai em dire\u00e7\u00e3o a Ele. E a ora\u00e7\u00e3o humilde do filho, que podemos fazer \u00e9: \u2018Pai, atrai-me para Jesus; Pai, faz-me conhecer Jesus\u2019, e o Pai enviar\u00e1 o Esp\u00edrito para nos abrir o cora\u00e7\u00e3o e nos levar at\u00e9 Jesus. Um crist\u00e3o que n\u00e3o se deixa atrair pelo Pai para Jesus \u00e9 um crist\u00e3o que vive em condi\u00e7\u00e3o de \u00f3rf\u00e3o; e n\u00f3s temos um Pai, n\u00e3o somos \u00f3rf\u00e3os\u201d.<\/p>\n<p style=\"text-align: justify;\">Fonte: R\u00e1dio Vaticano<\/p>\n","protected":false},"excerpt":{"rendered":"<p>\u201cUm crist\u00e3o que n\u00e3o se deixa atrair pelo Pai \u00e9 um crist\u00e3o que vive como um \u00f3rf\u00e3o\u201d. Foi o que afirmou o Papa Francisco na homilia da Missa celebrada na manh\u00e3 desta ter\u00e7a-feira, (19\/04), na capela da Casa Santa Marta. Francisco inicia sua reflex\u00e3o partindo da pergunta que os judeus fazem a Jesus, contida no [&hellip;]<\/p>\n","protected":false},"author":1,"featured_media":0,"comment_status":"open","ping_status":"open","sticky":false,"template":"","format":"standard","meta":{"footnotes":""},"categories":[3],"tags":[],"class_list":["post-14229","post","type-post","status-publish","format-standard","hentry","category-vaticano"],"_links":{"self":[{"href":"https:\/\/catolicanet.net\/wp-cnet\/wp-json\/wp\/v2\/posts\/14229","targetHints":{"allow":["GET"]}}],"collection":[{"href":"https:\/\/catolicanet.net\/wp-cnet\/wp-json\/wp\/v2\/posts"}],"about":[{"href":"https:\/\/catolicanet.net\/wp-cnet\/wp-json\/wp\/v2\/types\/post"}],"author":[{"embeddable":true,"href":"https:\/\/catolicanet.net\/wp-cnet\/wp-json\/wp\/v2\/users\/1"}],"replies":[{"embeddable":true,"href":"https:\/\/catolicanet.net\/wp-cnet\/wp-json\/wp\/v2\/comments?post=14229"}],"version-history":[{"count":1,"href":"https:\/\/catolicanet.net\/wp-cnet\/wp-json\/wp\/v2\/posts\/14229\/revisions"}],"predecessor-version":[{"id":28353,"href":"https:\/\/catolicanet.net\/wp-cnet\/wp-json\/wp\/v2\/posts\/14229\/revisions\/28353"}],"wp:attachment":[{"href":"https:\/\/catolicanet.net\/wp-cnet\/wp-json\/wp\/v2\/media?parent=14229"}],"wp:term":[{"taxonomy":"category","embeddable":true,"href":"https:\/\/catolicanet.net\/wp-cnet\/wp-json\/wp\/v2\/categories?post=14229"},{"taxonomy":"post_tag","embeddable":true,"href":"https:\/\/catolicanet.net\/wp-cnet\/wp-json\/wp\/v2\/tags?post=14229"}],"curies":[{"name":"wp","href":"https:\/\/api.w.org\/{rel}","templated":true}]}}