{"id":14219,"date":"2016-04-19T03:00:00","date_gmt":"2016-04-19T06:00:00","guid":{"rendered":"http:\/\/catolicanet.net\/wp-cnet\/2016\/04\/19\/devemos-rezar-so-quando-sentimos-vontade\/"},"modified":"2017-05-31T11:04:44","modified_gmt":"2017-05-31T14:04:44","slug":"devemos-rezar-so-quando-sentimos-vontade","status":"publish","type":"post","link":"https:\/\/catolicanet.net\/wp-cnet\/devemos-rezar-so-quando-sentimos-vontade\/","title":{"rendered":"Devemos rezar s\u00f3 quando sentimos vontade?"},"content":{"rendered":"<p style=\"text-align: justify;\"><img decoding=\"async\" src=\"http:\/\/catolicanet.com.br\/images\/stories\/geral\/jovem_rezando_4.jpg\" border=\"0\" align=\"left\" \/>Ao deparar-nos com uma pergunta dessas, a primeira resposta que brota na mente \u00e9 a exorta\u00e7\u00e3o que Jesus faz, algumas vezes, nas Sagradas Escrituras a que oremos sem cessar. A resposta \u00e9 revelada ent\u00e3o logo de cara. N\u00e3o, n\u00e3o devemos rezar s\u00f3 quando sentimos vontade, porque o que Jesus pede, \u00e9 que rezemos a todo momento. Mas n\u00e3o ser\u00e1 esse um pedido imposs\u00edvel? Se j\u00e1 n\u00e3o conseguimos rezar durante alguns minutos que sejam, como rezar sem cessar? Talvez uma olhada mais profunda, no que significa a ora\u00e7\u00e3o, possa nos iluminar.<\/p>\n<p>Uma coisa \u00e9 certa, para os santos fica bem claro que a ora\u00e7\u00e3o n\u00e3o \u00e9 uma realidade facultativa da vida. S\u00e3o Jo\u00e3o Cris\u00f3stomo diz: \u201cNada se compara em valor \u00e0 ora\u00e7\u00e3o; ela torna poss\u00edvel o que \u00e9 imposs\u00edvel, f\u00e1cil o que \u00e9 dif\u00edcil. \u00c9 imposs\u00edvel que caia em pecado o homem que reza\u201d. \u00c9 uma afirma\u00e7\u00e3o bem forte, mas a de Santo Afonso Maria de Lig\u00f3rio \u00e9 mais ainda: \u201cQuem reza certamente se salva; quem n\u00e3o reza certamente se condena\u201d.<\/p>\n<p>Qu\u00e3o distantes de experimentar essa realidade n\u00f3s estamos? Tendo a pensar que na medida em que vamos nos aproximando mais e mais de Jesus, vamos tamb\u00e9m compreendendo melhor o que esses santos disseram de maneira t\u00e3o viva. Em todo caso, o Catecismo nos diz que \u201corar \u00e9 uma necessidade vital. A prova contr\u00e1ria n\u00e3o \u00e9 menos convincente: se n\u00e3o nos deixarmos levar pelo Esp\u00edrito, cairemos de novo na escravid\u00e3o do pecado. Como o Esp\u00edrito Santo pode ser \u201cnossa Vida\u201d, se nosso cora\u00e7\u00e3o est\u00e1 longe dele?<br \/>E se mesmo assim n\u00e3o quisermos rezar?<\/p>\n<p>Muito bem. Digamos que acreditamos no catecismo e nos santos. Mas isso n\u00e3o muda o fato de que hoje n\u00e3o queiramos rezar. Gostar\u00edamos de experimentar o mesmo que eles, mas n\u00e3o conseguimos. Pode ser que n\u00e3o saibamos rezar bem e por a\u00ed mesmo pode come\u00e7ar nossa ora\u00e7\u00e3o: \u201cSenhor, gostaria de responder ao seu chamado de rezar a todo instante, mas n\u00e3o fa\u00e7o a menor ideia de por onde come\u00e7ar. Para mim j\u00e1 \u00e9 muito dif\u00edcil parar por alguns minutos para colocar-me em ora\u00e7\u00e3o, como posso n\u00e3o deixar de rezar nunca? Ensina-me, por favor! \u201d.<\/p>\n<p>Com certeza Deus nos escutar\u00e1. Or\u00edgenes, por outro lado, nos d\u00e1 uma dica de como podemos entender melhor o \u201corar sem cessar\u201d de Jesus. Ele diz: \u201cOra sem cessar aquele que une a ora\u00e7\u00e3o \u00e0s obras e as obras \u00e0 ora\u00e7\u00e3o. Somente dessa forma podemos considerar como realiz\u00e1vel o princ\u00edpio de orar sem cessar\u201d.<\/p>\n<p>Ou seja, a resposta n\u00e3o est\u00e1 em ficar espa\u00e7os de tempo cada vez maiores em frente ao sacr\u00e1rio, ou rezar 20 ter\u00e7os por dia, mas em, sem deixar de lado os momentos fortes de ora\u00e7\u00e3o que s\u00e3o fundamentais, fazer com que todas as nossas atividades di\u00e1rias sejam uma forma de ora\u00e7\u00e3o. Seja oferecendo os estudos a Deus, fazendo sacrif\u00edcios pelo bem dos meus irm\u00e3os, fazendo caridade ou qualquer outra atividade cotidiana. Assim, al\u00e9m de tirar da ora\u00e7\u00e3o essa vis\u00e3o de ser mon\u00f3tona, daremos gl\u00f3ria a Deus em todos os momentos da nossa vida.<\/p>\n<p style=\"text-align: justify;\">Fonte: Jovens de Maria<\/p>\n","protected":false},"excerpt":{"rendered":"<p>Ao deparar-nos com uma pergunta dessas, a primeira resposta que brota na mente \u00e9 a exorta\u00e7\u00e3o que Jesus faz, algumas vezes, nas Sagradas Escrituras a que oremos sem cessar. A resposta \u00e9 revelada ent\u00e3o logo de cara. N\u00e3o, n\u00e3o devemos rezar s\u00f3 quando sentimos vontade, porque o que Jesus pede, \u00e9 que rezemos a todo [&hellip;]<\/p>\n","protected":false},"author":1,"featured_media":0,"comment_status":"open","ping_status":"open","sticky":false,"template":"","format":"standard","meta":{"footnotes":""},"categories":[4],"tags":[],"class_list":["post-14219","post","type-post","status-publish","format-standard","hentry","category-cotidiano"],"_links":{"self":[{"href":"https:\/\/catolicanet.net\/wp-cnet\/wp-json\/wp\/v2\/posts\/14219","targetHints":{"allow":["GET"]}}],"collection":[{"href":"https:\/\/catolicanet.net\/wp-cnet\/wp-json\/wp\/v2\/posts"}],"about":[{"href":"https:\/\/catolicanet.net\/wp-cnet\/wp-json\/wp\/v2\/types\/post"}],"author":[{"embeddable":true,"href":"https:\/\/catolicanet.net\/wp-cnet\/wp-json\/wp\/v2\/users\/1"}],"replies":[{"embeddable":true,"href":"https:\/\/catolicanet.net\/wp-cnet\/wp-json\/wp\/v2\/comments?post=14219"}],"version-history":[{"count":1,"href":"https:\/\/catolicanet.net\/wp-cnet\/wp-json\/wp\/v2\/posts\/14219\/revisions"}],"predecessor-version":[{"id":26145,"href":"https:\/\/catolicanet.net\/wp-cnet\/wp-json\/wp\/v2\/posts\/14219\/revisions\/26145"}],"wp:attachment":[{"href":"https:\/\/catolicanet.net\/wp-cnet\/wp-json\/wp\/v2\/media?parent=14219"}],"wp:term":[{"taxonomy":"category","embeddable":true,"href":"https:\/\/catolicanet.net\/wp-cnet\/wp-json\/wp\/v2\/categories?post=14219"},{"taxonomy":"post_tag","embeddable":true,"href":"https:\/\/catolicanet.net\/wp-cnet\/wp-json\/wp\/v2\/tags?post=14219"}],"curies":[{"name":"wp","href":"https:\/\/api.w.org\/{rel}","templated":true}]}}