{"id":14218,"date":"2016-04-19T03:00:00","date_gmt":"2016-04-19T06:00:00","guid":{"rendered":"http:\/\/catolicanet.net\/wp-cnet\/2016\/04\/19\/missa-e-visita-missionaria-marcam-o-inicio-da-jdj-em-rio-branco\/"},"modified":"2017-05-31T11:04:44","modified_gmt":"2017-05-31T14:04:44","slug":"missa-e-visita-missionaria-marcam-o-inicio-da-jdj-em-rio-branco","status":"publish","type":"post","link":"https:\/\/catolicanet.net\/wp-cnet\/missa-e-visita-missionaria-marcam-o-inicio-da-jdj-em-rio-branco\/","title":{"rendered":"Missa e visita mission\u00e1ria marcam o in\u00edcio da JDJ em Rio Branco"},"content":{"rendered":"<p style=\"text-align: justify;\"><img decoding=\"async\" src=\"http:\/\/catolicanet.com.br\/images\/stories\/geral\/indice-1.jpg\" border=\"0\" align=\"left\" \/>Com o tema \u201cBem aventurados os misericordiosos, porque eles alcan\u00e7ar\u00e3o miseric\u00f3rdia\u201d (Mateus 5, 7), foi aberta, no Domingo de Ramos (20\/03), a Jornada Diocesana da Juventude (JDJ) 2016 na Diocese de Rio Branco. O evento teve in\u00edcio com a Santa Missa na Catedral Nossa Senhora de Nazar\u00e9.\u00a0 Na ocasi\u00e3o, Pe Massimo Lombardi fez a b\u00ean\u00e7\u00e3o da Cruz Peregrina, que ser\u00e1 o s\u00edmbolo da JDJ 2016 e enviou todos os jovens em miss\u00e3o.<\/p>\n<p>O momento ficou marcado pela presen\u00e7a de jovens que pertencem a v\u00e1rias express\u00f5es juvenis, como Minist\u00e9rio Jovem, Comunidade Shalom, Grupos Independentes (representado pelo grupo Interligados da Catedral), Pastoral da Juventude, Legi\u00e3o de Maria Juvenil e Miss\u00e3o Novo Amanhecer.<\/p>\n<p>\u201cCom o rosto da miseric\u00f3rdia de Deus pelos que sofrem, a JDJ tem como miss\u00e3o principal estimular os jovens irem ao encontro de Jesus nos c\u00e1rceres, nos institutos s\u00f3cio-educativos, nos abrigos, nas casas de acolhida, educand\u00e1rio, lar de idosos, hospitais, num per\u00edodo de dois meses\u201d, explicou a assessora do Setor Diocesano da Juventude, Aurinete Brasil.<\/p>\n<p>A primeira institui\u00e7\u00e3o visitada foi a Comunidade Arco \u00cdris, obra social da Diocese de Rio Branco. Ap\u00f3s a Missa, os jovens sa\u00edram em miss\u00e3o para a comunidade que possui jovens em processo de recupera\u00e7\u00e3o das drogas e alcool.<\/p>\n<p>Nos pr\u00f3ximos dois meses a cruz peregrina vai percorrer outras obras sociais, par\u00f3quias e comunidades, conforme a programa\u00e7\u00e3o de cada express\u00e3o juvenil. O t\u00e9rmino deste per\u00edodo de visitas mission\u00e1rias se dar\u00e1 no dia 22 de maio, com a celebra\u00e7\u00e3o da Santa Missa e apresenta\u00e7\u00e3o das fotos dos momentos de miss\u00e3o. \u201cAcreditamos na for\u00e7a e no entusiasmo da Juventude\u201d, comemorou a assessora do Setor Juventude.<\/p>\n<p>Os grupos de jovem da Diocese que desejarem fazer um momento com a Cruz Peregrina da JDJ 2016, poder\u00e3o agendar com os integrantes do Setor Juventude. As fotos da abertura da JDJ 2016 est\u00e3o dispon\u00edveis na fanpage do Setor Diocesano da Juventude: https:\/\/goo.gl\/9VUddb.<\/p>\n<p>Por Aurinete Brasil, assessora do Setor Juventude da Diocese de Rio Branco \u2013 AC<\/p>\n<p style=\"text-align: justify;\">Fonte: Jovens Conectados<\/p>\n","protected":false},"excerpt":{"rendered":"<p>Com o tema \u201cBem aventurados os misericordiosos, porque eles alcan\u00e7ar\u00e3o miseric\u00f3rdia\u201d (Mateus 5, 7), foi aberta, no Domingo de Ramos (20\/03), a Jornada Diocesana da Juventude (JDJ) 2016 na Diocese de Rio Branco. O evento teve in\u00edcio com a Santa Missa na Catedral Nossa Senhora de Nazar\u00e9.\u00a0 Na ocasi\u00e3o, Pe Massimo Lombardi fez a b\u00ean\u00e7\u00e3o [&hellip;]<\/p>\n","protected":false},"author":1,"featured_media":0,"comment_status":"open","ping_status":"open","sticky":false,"template":"","format":"standard","meta":{"footnotes":""},"categories":[4],"tags":[],"class_list":["post-14218","post","type-post","status-publish","format-standard","hentry","category-cotidiano"],"_links":{"self":[{"href":"https:\/\/catolicanet.net\/wp-cnet\/wp-json\/wp\/v2\/posts\/14218","targetHints":{"allow":["GET"]}}],"collection":[{"href":"https:\/\/catolicanet.net\/wp-cnet\/wp-json\/wp\/v2\/posts"}],"about":[{"href":"https:\/\/catolicanet.net\/wp-cnet\/wp-json\/wp\/v2\/types\/post"}],"author":[{"embeddable":true,"href":"https:\/\/catolicanet.net\/wp-cnet\/wp-json\/wp\/v2\/users\/1"}],"replies":[{"embeddable":true,"href":"https:\/\/catolicanet.net\/wp-cnet\/wp-json\/wp\/v2\/comments?post=14218"}],"version-history":[{"count":1,"href":"https:\/\/catolicanet.net\/wp-cnet\/wp-json\/wp\/v2\/posts\/14218\/revisions"}],"predecessor-version":[{"id":26144,"href":"https:\/\/catolicanet.net\/wp-cnet\/wp-json\/wp\/v2\/posts\/14218\/revisions\/26144"}],"wp:attachment":[{"href":"https:\/\/catolicanet.net\/wp-cnet\/wp-json\/wp\/v2\/media?parent=14218"}],"wp:term":[{"taxonomy":"category","embeddable":true,"href":"https:\/\/catolicanet.net\/wp-cnet\/wp-json\/wp\/v2\/categories?post=14218"},{"taxonomy":"post_tag","embeddable":true,"href":"https:\/\/catolicanet.net\/wp-cnet\/wp-json\/wp\/v2\/tags?post=14218"}],"curies":[{"name":"wp","href":"https:\/\/api.w.org\/{rel}","templated":true}]}}