{"id":14207,"date":"2016-04-18T17:20:47","date_gmt":"2016-04-18T20:20:47","guid":{"rendered":"http:\/\/catolicanet.net\/wp-cnet\/2016\/04\/18\/scalabrinianas-a-europa-siga-o-exemplo-do-papa-em-lesbos\/"},"modified":"2017-06-02T14:08:18","modified_gmt":"2017-06-02T17:08:18","slug":"scalabrinianas-a-europa-siga-o-exemplo-do-papa-em-lesbos","status":"publish","type":"post","link":"https:\/\/catolicanet.net\/wp-cnet\/scalabrinianas-a-europa-siga-o-exemplo-do-papa-em-lesbos\/","title":{"rendered":"Scalabrinianas: A Europa siga o exemplo do Papa em Lesbos"},"content":{"rendered":"<p style=\"text-align: justify;\"><img decoding=\"async\" src=\"http:\/\/catolicanet.com.br\/images\/stories\/geral\/reuters1380761_articolo.jpg\" border=\"0\" align=\"left\" \/>\u201cO sinal que o Papa quis dar em sua visita a Lesbos \u00e9 muito claro para todo o planeta: a emerg\u00eancia migrat\u00f3ria se enfrenta com ecumenismo, solidariedade, di\u00e1logo e confronto. \u00c9 o sinal daquela Igreja em sa\u00edda, de miss\u00e3o, que todos os dias arrega\u00e7a as mangas e trabalha para melhorar as condi\u00e7\u00f5es de vida dos \u00faltimos do mundo\u201d: foi o que disse a Superiora-Geral da Congrega\u00e7\u00e3o de S\u00e3o Carlos Borromeu \u2013 Scalabrinianas \u2013, Ir. Neusa de F\u00e1tima Mariano.<\/p>\n<p>Numa nota, a religiosa brasileira escreve que \u201ca presen\u00e7a do Patriarca ortodoxo Bartolomeu testemunha que a Igreja de Cristo est\u00e1 unida. O ecumenismo pode ser uma das respostas concretas para os migrantes. Que a Europa siga o exemplo do Pont\u00edfice: abandone o projeto de constru\u00e7\u00f5es de redes e muros e abra as pr\u00f3prias portas\u201d.<\/p>\n<p>Acolhida<\/p>\n<p>A Superiora recorda que fugir de uma guerra \u00e9 um drama emotivo, social, familiar e comunit\u00e1rio, significa violentar a serenidade da pr\u00f3pria vida. \u201cN\u00e3o podemos dizer \u2018n\u00e3o\u2019 a essas pessoas, mas devemos dar uma resposta clara. A pol\u00edtica europeia deve fazer o mesmo, j\u00e1 que \u2013 desde o p\u00f3s-guerra &#8211; foi criado um Estado supranacional que sempre valorizou as pol\u00edticas de respeito dos Direitos Humanos\u201d, destaca a religiosa brasileira, que denuncia:<\/p>\n<p>\u201cQuem fecha as portas, quem omite ajuda, quem fecha os olhos diante desses milhares de pessoas desesperadas, favorece e apoia as viola\u00e7\u00f5es dos direitos do indiv\u00edduo. Esperamos tamb\u00e9m que a viagem do\u00a0 Papa a Lesbos n\u00e3o seja instrumentalizada, mas seja sinal eloquente para as nossas consci\u00eancias, uma reflex\u00e3o teol\u00f3gica e nos ajude a jamais cair na tenta\u00e7\u00e3o de pensar que o terrorismo \u00e9\u00a0 sin\u00f4nimo de migra\u00e7\u00e3o e, por isto, \u00e9 justo fechar as fronteiras\u201d.<\/p>\n<p>Nesta segunda-feira, (18\/04), cerca de 400 migrantes desapareceram no Mar Mediterr\u00e2neo. Quatro embarca\u00e7\u00f5es partiram do Egito e afundaram antes de chegar \u00e0 costa italiana, levando a bordo sobretudo somalis, eritreus e et\u00edopes. O epis\u00f3dio desta manh\u00e3 ocorre quando se recorda a trag\u00e9dia de exatamente um ano atr\u00e1s, 18 de abril de 2015, em que 800 pessoas morreram na travessia no Canal da Sic\u00edlia.<\/p>\n<p style=\"text-align: justify;\">Fonte: R\u00e1dio Vaticano<\/p>\n","protected":false},"excerpt":{"rendered":"<p>\u201cO sinal que o Papa quis dar em sua visita a Lesbos \u00e9 muito claro para todo o planeta: a emerg\u00eancia migrat\u00f3ria se enfrenta com ecumenismo, solidariedade, di\u00e1logo e confronto. \u00c9 o sinal daquela Igreja em sa\u00edda, de miss\u00e3o, que todos os dias arrega\u00e7a as mangas e trabalha para melhorar as condi\u00e7\u00f5es de vida dos [&hellip;]<\/p>\n","protected":false},"author":1,"featured_media":0,"comment_status":"open","ping_status":"open","sticky":false,"template":"","format":"standard","meta":{"footnotes":""},"categories":[3],"tags":[],"class_list":["post-14207","post","type-post","status-publish","format-standard","hentry","category-vaticano"],"_links":{"self":[{"href":"https:\/\/catolicanet.net\/wp-cnet\/wp-json\/wp\/v2\/posts\/14207","targetHints":{"allow":["GET"]}}],"collection":[{"href":"https:\/\/catolicanet.net\/wp-cnet\/wp-json\/wp\/v2\/posts"}],"about":[{"href":"https:\/\/catolicanet.net\/wp-cnet\/wp-json\/wp\/v2\/types\/post"}],"author":[{"embeddable":true,"href":"https:\/\/catolicanet.net\/wp-cnet\/wp-json\/wp\/v2\/users\/1"}],"replies":[{"embeddable":true,"href":"https:\/\/catolicanet.net\/wp-cnet\/wp-json\/wp\/v2\/comments?post=14207"}],"version-history":[{"count":1,"href":"https:\/\/catolicanet.net\/wp-cnet\/wp-json\/wp\/v2\/posts\/14207\/revisions"}],"predecessor-version":[{"id":28631,"href":"https:\/\/catolicanet.net\/wp-cnet\/wp-json\/wp\/v2\/posts\/14207\/revisions\/28631"}],"wp:attachment":[{"href":"https:\/\/catolicanet.net\/wp-cnet\/wp-json\/wp\/v2\/media?parent=14207"}],"wp:term":[{"taxonomy":"category","embeddable":true,"href":"https:\/\/catolicanet.net\/wp-cnet\/wp-json\/wp\/v2\/categories?post=14207"},{"taxonomy":"post_tag","embeddable":true,"href":"https:\/\/catolicanet.net\/wp-cnet\/wp-json\/wp\/v2\/tags?post=14207"}],"curies":[{"name":"wp","href":"https:\/\/api.w.org\/{rel}","templated":true}]}}