{"id":1420,"date":"2023-01-18T00:00:00","date_gmt":"2023-01-18T03:00:00","guid":{"rendered":"http:\/\/catolicanet.net\/wp-cnet\/margarida-da-hungria-santa-prisca\/"},"modified":"2023-01-02T17:46:40","modified_gmt":"2023-01-02T20:46:40","slug":"margarida-da-hungria-santa-prisca","status":"publish","type":"post","link":"https:\/\/catolicanet.net\/wp-cnet\/margarida-da-hungria-santa-prisca\/","title":{"rendered":"Santa Margarida da Hungria \/ Santa Prisca"},"content":{"rendered":"<p style=\"text-align: justify;\">Margarida era uma princesa, filha do rei Bela IV, da Hungria e da rainha Maria, de origem bizantina. Ela nasceu no castelo de Turoc, em 1242, logo foi batizada, pois os reis eram fervorosos crist\u00e3os. Aos dez anos, o casal real a entregou para viver e ser preparada para os votos religiosos, no mosteiro dominicano de Vespem, em agradecimento pela liberta\u00e7\u00e3o da p\u00e1tria dos T\u00e1rtaros.<\/p>\n<p>Dois anos depois, fez a profiss\u00e3o de f\u00e9 de religiosa num novo mosteiro, fundado para ela por seu pai, na Ilha das Lebres, localizada no rio Dan\u00fabio, perto de Budapeste. Em 1261, tomou o v\u00e9u definitivo, entregando seu cora\u00e7\u00e3o e sua vida a servi\u00e7o do Senhor, tendo uma particular devo\u00e7\u00e3o pela Eucaristia e Paix\u00e3o de Cristo. Ela realmente, era especial, foi um exemplo de humildade e virtude para as outras religiosas. Rezava sempre, e fazia penitencias, se oferecendo como v\u00edtima proposital, para a salva\u00e7\u00e3o do seu povo.<\/p>\n<p>Margarida, n\u00e3o desejou ter uma cultura elevada. Sua instru\u00e7\u00e3o se limitou ao conhecimento prim\u00e1rio da escrita e da leitura, talvez apenas um pouco mais que isto. Ela pedia que lhe lessem as Sagradas Escrituras e confiava sua dire\u00e7\u00e3o espiritual ao seu confessor, o dominicano Marcelo, que era o superior da Ordem.<\/p>\n<p>Possu\u00eda um ilimitado desapego \u00e0s coisas materiais, amando plenamente a pobreza, o qual unido \u00e0 sua vida contemplativa espiritual, a elevou a uma tal proximidade de Deus, que recebeu o dom das vis\u00f5es. Ela se tornou uma das grandes m\u00edsticas medievais da Europa, respeitada e amada pelas comunidades religiosas, pela corte e popula\u00e7\u00e3o. Morreu em 18 de janeiro de 1270, no seu mosteiro.<\/p>\n<p>A sua sepultura se tornou meta de peregrina\u00e7\u00e3o, pelas sucessivas gra\u00e7as e milagres atribu\u00eddos \u00e0 sua intercess\u00e3o. Um ano depois da sua morte, seu irm\u00e3o, Estev\u00e3o V, rei da Hungria, encaminhou um pedido de santidade, \u00e0 Roma. Mas este processo desapareceu, bem como um outro, que foi enviado em 1276. Por\u00e9m na sua p\u00e1tria e em outros paises, Margarida j\u00e1 era venerada como Santa.<\/p>\n<p>Depois de muitos desencontros, em 1729 um processo chegou em Roma, completo e contendo dados de autenticidade inquestion\u00e1vel. Neste meio tempo as rel\u00edquias de Margarida tinham sido transferidas, por causa da invas\u00e3o turca, do convento da Ilha das Lebres para o de Presburgo em 1618.<\/p>\n<p style=\"text-align: justify;\">Em 1804, mesmo sem o reconhecimento oficial, seu culto se estendia na Ordem Dominicana e na diocese da Transilv\u00e2nia. No s\u00e9culo XIX, sua festa se expandiu por todas as dioceses h\u00fangaras. A canoniza\u00e7\u00e3o de Santa Margarida da Hungria foi concedida pelo papa Pio XII em 1943, em meio ao j\u00fabilo dos devotos e fi\u00e9is, de todo o mundo, especialmente pelos da comunidade crist\u00e3 do Leste Europeu, onde sua venera\u00e7\u00e3o \u00e9 muito intensa.<\/p>\n<p style=\"text-align: justify;\">Santa Margarida da Hungria, rogai por n\u00f3s!<br \/>\n_____________________________________________________________________<\/p>\n<h3 style=\"text-align: justify;\"><img loading=\"lazy\" decoding=\"async\" class=\"alignnone  wp-image-22026\" src=\"http:\/\/catolicanet.net\/wp-cnet\/wp-content\/uploads\/SantaPrisca.jpg\" alt=\"\" width=\"680\" height=\"345\" srcset=\"https:\/\/catolicanet.net\/wp-cnet\/wp-content\/uploads\/SantaPrisca.jpg 560w, https:\/\/catolicanet.net\/wp-cnet\/wp-content\/uploads\/SantaPrisca-300x152.jpg 300w\" sizes=\"auto, (max-width: 680px) 100vw, 680px\" \/><\/h3>\n<h3 style=\"text-align: justify;\">Santa Prisca<\/h3>\n<p style=\"text-align: justify;\">Prisca, \u00e9 um nome que nos soa um pouco estranho, significa: &#8220;a primeira&#8221;. Mas evoca uma grande Santa, que se imp\u00f4s \u00e0 admira\u00e7\u00e3o de todos nos primeiros tempos do Cristianismo. Ela foi considerada a mais antiga santa romana e se tornou uma das mulheres mais veneradas na Igreja.<\/p>\n<p>Segundo a tradi\u00e7\u00e3o, Prisca foi batizada aos treze anos de idade por S\u00e3o Pedro e se tornou a primeira mulher do Ocidente a testemunhar com o mart\u00edrio, sua f\u00e9 em Cristo. Ela morreu decapitada durante a persegui\u00e7\u00e3o do imperador Cl\u00e1udio, na metade do s\u00e9culo I, em Roma.<\/p>\n<p>As &#8220;Atas de Santa Prisca&#8221; registram, de fato, que ela foi martirizada durante o governo desse tirano e seu corpo sepultado na Via Ostiense, nas catacumbas de Priscila, as mais antigas de Roma. Depois foi transladado para a igreja do monte Aventino.<\/p>\n<p>Uma igreja constru\u00edda sobre os alicerces de uma grande casa romana do primeiro s\u00e9culo, como atestam as mais recentes descobertas arqueol\u00f3gicas, muito importante para os crist\u00e3os. Ainda hoje, mant\u00e9m uma cripta que guarda uma preciosa rel\u00edquia: a concha com que S\u00e3o Pedro ap\u00f3stolo batizou seus seguidores e disc\u00edpulos.<\/p>\n<p>Mas, a partir do s\u00e9culo VIII, alguns dados vieram \u00e0 tona dando total veracidade da exist\u00eancia dessa m\u00e1rtir romana, como mulher evangelizadora atuante, descrita numa carta escrita por S\u00e3o Paulo, em que falou: &#8220;Sa\u00fadem Prisca e \u00c1quila, meus colaboradores em Jesus Cristo, os quais expuseram suas cabe\u00e7as para me salvar a vida. \u00c0 isso devo render gra\u00e7as n\u00e3o somente eu, mas tamb\u00e9m todas as igrejas dos gentios&#8221; (Rm 16,3).<\/p>\n<p>Desta maneira, se soube que Prisca n\u00e3o morreu logo apos seu batizado, mas alguns anos depois, ainda durante aquela persegui\u00e7\u00e3o. No S\u00ednodo Romano de 499, se determinou que os dados fossem acrescentados \u00e0s &#8220;Atas de Prisca&#8221;, confirmando ainda mais a sua valorosa contribui\u00e7\u00e3o \u00e0 Igreja dos primeiros tempos.<\/p>\n<p>Para homenagear e perpetuar o seu exemplo, aquela igreja de monte Aventino foi consagrada com o nome de Santa Prisca e se manteve no dia 18 de janeiro a sua tradicional festa lit\u00fargica.<\/p>\n<p style=\"text-align: justify;\">Santa Prisca, rogai por n\u00f3s!<\/p>\n<div id=\"J#1369036637bl273809f\"><\/div>\n","protected":false},"excerpt":{"rendered":"<p>Margarida era uma princesa, filha do rei Bela IV, da Hungria e da rainha Maria, de origem bizantina. Ela nasceu no castelo de Turoc, em 1242, logo foi batizada, pois os reis eram fervorosos crist\u00e3os. Aos dez anos, o casal real a entregou para viver e ser preparada para os votos religiosos, no mosteiro dominicano [&hellip;]<\/p>\n","protected":false},"author":1,"featured_media":22025,"comment_status":"closed","ping_status":"closed","sticky":false,"template":"","format":"standard","meta":{"footnotes":""},"categories":[32],"tags":[],"class_list":["post-1420","post","type-post","status-publish","format-standard","has-post-thumbnail","hentry","category-santo-do-dia"],"_links":{"self":[{"href":"https:\/\/catolicanet.net\/wp-cnet\/wp-json\/wp\/v2\/posts\/1420","targetHints":{"allow":["GET"]}}],"collection":[{"href":"https:\/\/catolicanet.net\/wp-cnet\/wp-json\/wp\/v2\/posts"}],"about":[{"href":"https:\/\/catolicanet.net\/wp-cnet\/wp-json\/wp\/v2\/types\/post"}],"author":[{"embeddable":true,"href":"https:\/\/catolicanet.net\/wp-cnet\/wp-json\/wp\/v2\/users\/1"}],"replies":[{"embeddable":true,"href":"https:\/\/catolicanet.net\/wp-cnet\/wp-json\/wp\/v2\/comments?post=1420"}],"version-history":[{"count":3,"href":"https:\/\/catolicanet.net\/wp-cnet\/wp-json\/wp\/v2\/posts\/1420\/revisions"}],"predecessor-version":[{"id":22027,"href":"https:\/\/catolicanet.net\/wp-cnet\/wp-json\/wp\/v2\/posts\/1420\/revisions\/22027"}],"wp:featuredmedia":[{"embeddable":true,"href":"https:\/\/catolicanet.net\/wp-cnet\/wp-json\/wp\/v2\/media\/22025"}],"wp:attachment":[{"href":"https:\/\/catolicanet.net\/wp-cnet\/wp-json\/wp\/v2\/media?parent=1420"}],"wp:term":[{"taxonomy":"category","embeddable":true,"href":"https:\/\/catolicanet.net\/wp-cnet\/wp-json\/wp\/v2\/categories?post=1420"},{"taxonomy":"post_tag","embeddable":true,"href":"https:\/\/catolicanet.net\/wp-cnet\/wp-json\/wp\/v2\/tags?post=1420"}],"curies":[{"name":"wp","href":"https:\/\/api.w.org\/{rel}","templated":true}]}}