{"id":14196,"date":"2016-04-18T12:59:41","date_gmt":"2016-04-18T15:59:41","guid":{"rendered":"http:\/\/catolicanet.net\/wp-cnet\/2016\/04\/18\/papa-emerito-bento-xvi-completa-89-anos\/"},"modified":"2017-06-02T11:48:09","modified_gmt":"2017-06-02T14:48:09","slug":"papa-emerito-bento-xvi-completa-89-anos","status":"publish","type":"post","link":"https:\/\/catolicanet.net\/wp-cnet\/papa-emerito-bento-xvi-completa-89-anos\/","title":{"rendered":"Papa em\u00e9rito Bento XVI completa 89 anos"},"content":{"rendered":"<p style=\"text-align: justify;\"><img decoding=\"async\" src=\"http:\/\/catolicanet.com.br\/images\/stories\/geral\/ansa833347_articolo.jpg\" border=\"0\" align=\"left\" \/>Francisco enviou seus parab\u00e9ns, do avi\u00e3o que o levou \u00e0 Gr\u00e9cia, ao Papa em\u00e9rito Bento XVI que, neste s\u00e1bado (16\/4), completa 89 anos.<\/p>\n<p>Juntamente com todos os que o acompanham nesta viagem a Lesbos &#8211; delega\u00e7\u00e3o vaticana e jornalistas &#8211; o Papa transmite a Bento XVI \u201csuas felicita\u00e7\u00f5es mais carinhosas e cordiais pelo seu anivers\u00e1rio, pedindo ao Senhor que continue a aben\u00e7oar o seu precioso servi\u00e7o de proximidade e ora\u00e7\u00e3o por toda a Igreja\u201d.<\/p>\n<p>Concerto<\/p>\n<p>Por ocasi\u00e3o dos seus 89 anos, Bento XVI ser\u00e1 homenageado, na tarde deste s\u00e1bado, com um concerto da Orquestra Filarm\u00f4nica de Franciacorta, regi\u00e3o italiana de Brescia, na Sala Assunta da Palazzina Le\u00e3o XIII, no Vaticano.<\/p>\n<p>Este, certamente, \u00e9 um presente que agrada ao Papa Em\u00e9rito, tendo em vista sua paix\u00e3o pela m\u00fasica de Mozart, como ele mesmo declarou em seu discurso de agradecimento a uma confer\u00eancia da Pontif\u00edcia Universidade \u201cJo\u00e3o Paulo II\u201d de Crac\u00f3via e da Academia de M\u00fasica de Crac\u00f3via, em 4 de julho de 2015.<\/p>\n<p>Ser\u00e3o executados tr\u00eas dos seis quartetos de arcos que Wolfang Amadeus Mozart dedicou ao amigo Franz Joseph Haydn, que est\u00e3o entre as obras de mais alto n\u00edvel do compositor de Salzburg. A dire\u00e7\u00e3o \u00e9 do Maestro Edmondo Mos\u00e9 Savio.<\/p>\n<p>Presente<\/p>\n<p>A homenagem contar\u00e1 com a presen\u00e7a de alguns amigos e do irm\u00e3o mais velho, Mons. Georg Ratzinger, que em janeiro completou 92 anos.<\/p>\n<p>Em uma recente entrevista, o Prefeito da Casa Pontif\u00edcia e Secret\u00e1rio de Bento XVI h\u00e1 mais de 21 anos, Dom Georg G\u00e4nswein, afirmou: \u201cEm abril, o Papa em\u00e9rito Bento XVI comemora 89 anos: \u00e9 como uma vela que lenta e serenamente vai se apagando, como acontece com uma pessoa idosa. No entanto, ele \u00e9 sereno, lucid\u00edssimo e em paz com Deus, consigo mesmo e com o mundo. Ele se interessa por tudo o que acontece e mant\u00e9m seu humor fino e sutil; mant\u00e9m tamb\u00e9m sua paix\u00e3o por dois gatos, Contessa e Zorro, que vivem nos jardins adjacentes \u00e0 sua Casa, no Vaticano.<\/p>\n<p>Devido \u00e0 sua idade avan\u00e7ada, Bento XVI caminha lentamente com um andador. Mant\u00e9m em dia suas numerosas correspond\u00eancias, mas n\u00e3o escreve mais livros; ele se limita a ditar cartas \u00e0 sua secret\u00e1ria. Enfim, leva uma vida de monge, como ele deseja, mas n\u00e3o est\u00e1 isolado: reza, l\u00ea, ouve m\u00fasica, recebe visitas, toca o piano\u201d.<\/p>\n<p style=\"text-align: justify;\">Fonte: R\u00e1dio Vaticano<\/p>\n","protected":false},"excerpt":{"rendered":"<p>Francisco enviou seus parab\u00e9ns, do avi\u00e3o que o levou \u00e0 Gr\u00e9cia, ao Papa em\u00e9rito Bento XVI que, neste s\u00e1bado (16\/4), completa 89 anos. Juntamente com todos os que o acompanham nesta viagem a Lesbos &#8211; delega\u00e7\u00e3o vaticana e jornalistas &#8211; o Papa transmite a Bento XVI \u201csuas felicita\u00e7\u00f5es mais carinhosas e cordiais pelo seu anivers\u00e1rio, [&hellip;]<\/p>\n","protected":false},"author":1,"featured_media":0,"comment_status":"open","ping_status":"open","sticky":false,"template":"","format":"standard","meta":{"footnotes":""},"categories":[3],"tags":[],"class_list":["post-14196","post","type-post","status-publish","format-standard","hentry","category-vaticano"],"_links":{"self":[{"href":"https:\/\/catolicanet.net\/wp-cnet\/wp-json\/wp\/v2\/posts\/14196","targetHints":{"allow":["GET"]}}],"collection":[{"href":"https:\/\/catolicanet.net\/wp-cnet\/wp-json\/wp\/v2\/posts"}],"about":[{"href":"https:\/\/catolicanet.net\/wp-cnet\/wp-json\/wp\/v2\/types\/post"}],"author":[{"embeddable":true,"href":"https:\/\/catolicanet.net\/wp-cnet\/wp-json\/wp\/v2\/users\/1"}],"replies":[{"embeddable":true,"href":"https:\/\/catolicanet.net\/wp-cnet\/wp-json\/wp\/v2\/comments?post=14196"}],"version-history":[{"count":1,"href":"https:\/\/catolicanet.net\/wp-cnet\/wp-json\/wp\/v2\/posts\/14196\/revisions"}],"predecessor-version":[{"id":28312,"href":"https:\/\/catolicanet.net\/wp-cnet\/wp-json\/wp\/v2\/posts\/14196\/revisions\/28312"}],"wp:attachment":[{"href":"https:\/\/catolicanet.net\/wp-cnet\/wp-json\/wp\/v2\/media?parent=14196"}],"wp:term":[{"taxonomy":"category","embeddable":true,"href":"https:\/\/catolicanet.net\/wp-cnet\/wp-json\/wp\/v2\/categories?post=14196"},{"taxonomy":"post_tag","embeddable":true,"href":"https:\/\/catolicanet.net\/wp-cnet\/wp-json\/wp\/v2\/tags?post=14196"}],"curies":[{"name":"wp","href":"https:\/\/api.w.org\/{rel}","templated":true}]}}