{"id":14195,"date":"2016-04-18T12:55:12","date_gmt":"2016-04-18T15:55:12","guid":{"rendered":"http:\/\/catolicanet.net\/wp-cnet\/2016\/04\/18\/papa-a-novos-presbiteros-palavra-e-exemplo-caminham-juntos\/"},"modified":"2017-06-02T11:37:05","modified_gmt":"2017-06-02T14:37:05","slug":"papa-a-novos-presbiteros-palavra-e-exemplo-caminham-juntos","status":"publish","type":"post","link":"https:\/\/catolicanet.net\/wp-cnet\/papa-a-novos-presbiteros-palavra-e-exemplo-caminham-juntos\/","title":{"rendered":"Papa a novos presb\u00edteros: palavra e exemplo caminham juntos"},"content":{"rendered":"<p style=\"text-align: justify;\"><img decoding=\"async\" src=\"http:\/\/catolicanet.com.br\/images\/stories\/geral\/reuters1382242_articolo.jpg\" border=\"0\" align=\"left\" \/>\u201cConcedam a todos a Palavra de Deus, aquela Palavra que voc\u00eas receberam com alegria. Recordem a vossa hist\u00f3ria, daquele dom da Palavra que o Senhor lhes deu por meio de suas m\u00e3es, suas av\u00f3s \u2013 e como diz Paulo \u2013 dos catequistas e de toda a Igreja\u201d.<\/p>\n<p>Assim, o Papa Francisco conferiu a ordena\u00e7\u00e3o a 11 novos presb\u00edteros na manh\u00e3 de domingo (17\/04), na Bas\u00edlica de S\u00e3o Pedro.<\/p>\n<p>\u201cQue a vossa doutrina seja nutrimento ao Povo de Deus, que o perfume de vossas vidas seja alegria e sustento aos fi\u00e9is a Cristo, para que com a palavra e o exemplo \u2013 caminham juntos: palavra e exemplo \u2013 edificais a casa de Deus, que \u00e9 a Igreja\u201d.<\/p>\n<p>Ao recordar que \u201csem a cruz jamais encontrar\u00e3o o verdadeiro Jesus\u201d, Francisco convocou os novos presb\u00edteros a serem conscientes de que foram \u201cescolhidos entre os homens\u201d:<\/p>\n<p>\u201c\u2019Escolhidos\u2019, n\u00e3o esque\u00e7am isso. Escolhidos! Foi o Senhor que lhes chamou, um por um. Escolhidos entre os homens\u201d.<\/p>\n<p style=\"text-align: justify;\">Fonte: R\u00e1dio Vaticano<\/p>\n","protected":false},"excerpt":{"rendered":"<p>\u201cConcedam a todos a Palavra de Deus, aquela Palavra que voc\u00eas receberam com alegria. Recordem a vossa hist\u00f3ria, daquele dom da Palavra que o Senhor lhes deu por meio de suas m\u00e3es, suas av\u00f3s \u2013 e como diz Paulo \u2013 dos catequistas e de toda a Igreja\u201d. Assim, o Papa Francisco conferiu a ordena\u00e7\u00e3o a [&hellip;]<\/p>\n","protected":false},"author":1,"featured_media":0,"comment_status":"open","ping_status":"open","sticky":false,"template":"","format":"standard","meta":{"footnotes":""},"categories":[3],"tags":[],"class_list":["post-14195","post","type-post","status-publish","format-standard","hentry","category-vaticano"],"_links":{"self":[{"href":"https:\/\/catolicanet.net\/wp-cnet\/wp-json\/wp\/v2\/posts\/14195","targetHints":{"allow":["GET"]}}],"collection":[{"href":"https:\/\/catolicanet.net\/wp-cnet\/wp-json\/wp\/v2\/posts"}],"about":[{"href":"https:\/\/catolicanet.net\/wp-cnet\/wp-json\/wp\/v2\/types\/post"}],"author":[{"embeddable":true,"href":"https:\/\/catolicanet.net\/wp-cnet\/wp-json\/wp\/v2\/users\/1"}],"replies":[{"embeddable":true,"href":"https:\/\/catolicanet.net\/wp-cnet\/wp-json\/wp\/v2\/comments?post=14195"}],"version-history":[{"count":1,"href":"https:\/\/catolicanet.net\/wp-cnet\/wp-json\/wp\/v2\/posts\/14195\/revisions"}],"predecessor-version":[{"id":28256,"href":"https:\/\/catolicanet.net\/wp-cnet\/wp-json\/wp\/v2\/posts\/14195\/revisions\/28256"}],"wp:attachment":[{"href":"https:\/\/catolicanet.net\/wp-cnet\/wp-json\/wp\/v2\/media?parent=14195"}],"wp:term":[{"taxonomy":"category","embeddable":true,"href":"https:\/\/catolicanet.net\/wp-cnet\/wp-json\/wp\/v2\/categories?post=14195"},{"taxonomy":"post_tag","embeddable":true,"href":"https:\/\/catolicanet.net\/wp-cnet\/wp-json\/wp\/v2\/tags?post=14195"}],"curies":[{"name":"wp","href":"https:\/\/api.w.org\/{rel}","templated":true}]}}