{"id":14184,"date":"2016-04-15T17:59:43","date_gmt":"2016-04-15T20:59:43","guid":{"rendered":"http:\/\/catolicanet.net\/wp-cnet\/2016\/04\/15\/igrejas-catolicas-sao-queimadas-no-chile\/"},"modified":"2017-05-31T11:06:45","modified_gmt":"2017-05-31T14:06:45","slug":"igrejas-catolicas-sao-queimadas-no-chile","status":"publish","type":"post","link":"https:\/\/catolicanet.net\/wp-cnet\/igrejas-catolicas-sao-queimadas-no-chile\/","title":{"rendered":"Igrejas cat\u00f3licas s\u00e3o queimadas no Chile"},"content":{"rendered":"<p style=\"text-align: justify;\"><img decoding=\"async\" src=\"http:\/\/catolicanet.com.br\/images\/stories\/geral\/primopiano_1260.jpg\" border=\"0\" align=\"left\" \/>Segundo informa\u00e7\u00f5es da pol\u00edcia, o inc\u00eandio doloso destruiu completamente a estrutura que dependia da Par\u00f3quia de Nossa Senhora do Carmo<\/p>\n<p>Outra capela cat\u00f3lica foi incendiada na madrugada da \u00faltima ter\u00e7a-feira, 12 \u2013 segundo informou a Ag\u00eancia Fides \u2013 na regi\u00e3o de Antiquina, na cidade de Ca\u00f1ete, regi\u00e3o de Biobio . Segundo informa\u00e7\u00f5es da pol\u00edcia, o inc\u00eandio doloso destruiu completamente a estrutura que dependia da Par\u00f3quia de Nossa Senhora do Carmo. Como nos inc\u00eandios precedentes aos lugares de culto , tamb\u00e9m ali foi encontrada uma faixa com escritas que acusam a Igreja Cat\u00f3lica de ser c\u00famplice do Estado contra o povo mapuche.<\/p>\n<p>Segundo informa\u00e7\u00f5es de Fides, no dia 2 de mar\u00e7o foi desocupado o Semin\u00e1rio Mario S\u00e3o Fidel, pertencente \u00e0 Diocese de Villarrica, que foi ocupado por membros de um grupo ativista da comunidade mapuche Trapilhue, que reivindica a propriedade do terreno no qual se encontra o semin\u00e1rio. O l\u00edder deste grupo afirmou: \u201cA Igreja demostrou ser um membro a mais do Estado, e n\u00e3o haver\u00e1 paz enquanto a Igreja n\u00e3o for expulsa do territ\u00f3rio mapuche.\u201dCome\u00e7ou, portanto, a queima de igrejas na \u00e1rea . No in\u00edcio de abril, foi incendiada tamb\u00e9m a igreja evang\u00e9lica da Uni\u00e3o Crist\u00e3, em Ercilla, e foram encontrados panfletos com a escrita: \u201cTodas as igrejas ser\u00e3o queimadas\u201d.<\/p>\n<p>O Bispo de Temuco, Dom Hector Eduardo Vargas, numa entrevista a um jornal local, explicou que \u201cas igrejas queimadas se encontram nas comunidades mapuches. Devemos pensar que estas igrejas foram constru\u00eddas por eles mesmos. Os mapuches, como por exemplo o grupo dos \u2018loncos\u2019, s\u00e3o os primeiros animadores das comunidades: D\u00e3o catequese, s\u00e3o mission\u00e1rios leigos e at\u00e9 mesmo seminaristas. As pessoas agora est\u00e3o com medo. Esses ataques afetam n\u00e3o somente a Igreja, mas as pr\u00f3prias comunidades locais\u201d. \u201cO povo mapuche \u00e9 profundamente religioso\u201d, sublinha o bispo, \u201ce a solu\u00e7\u00e3o definitiva \u00e9 o di\u00e1logo\u201d.<\/p>\n<p style=\"text-align: justify;\">Fonte: Zenit<\/p>\n","protected":false},"excerpt":{"rendered":"<p>Segundo informa\u00e7\u00f5es da pol\u00edcia, o inc\u00eandio doloso destruiu completamente a estrutura que dependia da Par\u00f3quia de Nossa Senhora do Carmo Outra capela cat\u00f3lica foi incendiada na madrugada da \u00faltima ter\u00e7a-feira, 12 \u2013 segundo informou a Ag\u00eancia Fides \u2013 na regi\u00e3o de Antiquina, na cidade de Ca\u00f1ete, regi\u00e3o de Biobio . Segundo informa\u00e7\u00f5es da pol\u00edcia, o [&hellip;]<\/p>\n","protected":false},"author":1,"featured_media":0,"comment_status":"open","ping_status":"open","sticky":false,"template":"","format":"standard","meta":{"footnotes":""},"categories":[4],"tags":[],"class_list":["post-14184","post","type-post","status-publish","format-standard","hentry","category-cotidiano"],"_links":{"self":[{"href":"https:\/\/catolicanet.net\/wp-cnet\/wp-json\/wp\/v2\/posts\/14184","targetHints":{"allow":["GET"]}}],"collection":[{"href":"https:\/\/catolicanet.net\/wp-cnet\/wp-json\/wp\/v2\/posts"}],"about":[{"href":"https:\/\/catolicanet.net\/wp-cnet\/wp-json\/wp\/v2\/types\/post"}],"author":[{"embeddable":true,"href":"https:\/\/catolicanet.net\/wp-cnet\/wp-json\/wp\/v2\/users\/1"}],"replies":[{"embeddable":true,"href":"https:\/\/catolicanet.net\/wp-cnet\/wp-json\/wp\/v2\/comments?post=14184"}],"version-history":[{"count":1,"href":"https:\/\/catolicanet.net\/wp-cnet\/wp-json\/wp\/v2\/posts\/14184\/revisions"}],"predecessor-version":[{"id":26167,"href":"https:\/\/catolicanet.net\/wp-cnet\/wp-json\/wp\/v2\/posts\/14184\/revisions\/26167"}],"wp:attachment":[{"href":"https:\/\/catolicanet.net\/wp-cnet\/wp-json\/wp\/v2\/media?parent=14184"}],"wp:term":[{"taxonomy":"category","embeddable":true,"href":"https:\/\/catolicanet.net\/wp-cnet\/wp-json\/wp\/v2\/categories?post=14184"},{"taxonomy":"post_tag","embeddable":true,"href":"https:\/\/catolicanet.net\/wp-cnet\/wp-json\/wp\/v2\/tags?post=14184"}],"curies":[{"name":"wp","href":"https:\/\/api.w.org\/{rel}","templated":true}]}}