{"id":14182,"date":"2016-04-15T14:12:49","date_gmt":"2016-04-15T17:12:49","guid":{"rendered":"http:\/\/catolicanet.net\/wp-cnet\/2016\/04\/15\/presidente-da-cnbb-conclama-a-todos-para-promocao-da-paz\/"},"modified":"2017-05-31T11:06:46","modified_gmt":"2017-05-31T14:06:46","slug":"presidente-da-cnbb-conclama-a-todos-para-promocao-da-paz","status":"publish","type":"post","link":"https:\/\/catolicanet.net\/wp-cnet\/presidente-da-cnbb-conclama-a-todos-para-promocao-da-paz\/","title":{"rendered":"Presidente da CNBB conclama a todos para promo\u00e7\u00e3o da paz"},"content":{"rendered":"<p style=\"text-align: justify;\"><img decoding=\"async\" src=\"http:\/\/catolicanet.com.br\/images\/stories\/geral\/dom_claudio_humme.jpg\" border=\"0\" align=\"left\" \/>Dom Sergio da Rocha presidiu missa de encerramento da 54\u00aa Assembleia Geral da CNBB, que teve in\u00edcio no dia 6 de abril, em Aparecida (SP)<\/p>\n<p>\u201cNeste momento de crise que vivemos no pais, conclamamos a todos, mais uma vez, para promover a paz, rejeitando qualquer forma de agressividade ou viol\u00eancia nas suas manifesta\u00e7\u00f5es\u201d, afirmou o arcebispo de Bras\u00edlia (DF) e presidente da Confer\u00eancia Nacional dos Bispos do Brasil (CNBB), dom Sergio da Rocha, durante homilia, na missa de encerramento da 54\u00aa Assembleia Geral da entidade. A missa, na manh\u00e3 desta sexta-feira, 15, reuniu os bispos de todo o Brasil, no Santu\u00e1rio Nacional de Nossa Senhora Aparecida, em Aparecida (SP).<\/p>\n<p>Partindo do objetivo geral das Diretrizes Gerais da A\u00e7\u00e3o Evangelizadora da Igreja no Brasil (DGAE 2015-2019), dom Sergio fez sua reflex\u00e3o da liturgia de hoje, que apresenta a convers\u00e3o de S\u00e3o Paulo, destacando que \u201csomos chamados a ser Igreja disc\u00edpula, mission\u00e1ria, misericordiosa e prof\u00e9tica\u201d.<\/p>\n<p style=\"text-align: justify;\">Igreja disc\u00edpula<\/p>\n<p>\u201cN\u00f3s somos e queremos ser, cada vez mais, uma Igreja de disc\u00edpulos que vivem do encontro com o ressuscitado e que se alimentam da sua palavra e da eucaristia\u201d, afirmou dom Sergio. Para ele, \u201cnos tornamos disc\u00edpulos pela gra\u00e7a de Deus, porque a inciativa \u00e9 sua\u201d. Para trilhar o caminho do discipulado, h\u00e1 o chamado a permanecer em Cristo, \u201ccomendo da sua carne, bebendo do seu sangue, alimentando-nos do p\u00e3o descido do c\u00e9u, conforme o evangelho que ouvimos\u201d, sublinhou.<\/p>\n<p style=\"text-align: justify;\">Misericordiosa<\/p>\n<p>\u201cOs olhos de Saulo se abriram com a ajuda da Igreja, representada por Ananias. Uma Igreja m\u00e3e misericordiosa e acolhedora, casa de portas abertas capaz de acolher tantos ca\u00eddos por terra como Saulo, incapazes de ver, de caminhar, necessitados de m\u00e3os estendidas, de cora\u00e7\u00e3o aberto para levantar-se das quedas, para caminha na luz\u201d, disse dom Sergio sobre a proposta da miseric\u00f3rdia. A manifesta\u00e7\u00e3o desse elemento tamb\u00e9m acontece no compartilhamento da \u201cluz da palavra, que oferece a gra\u00e7a de recuperar a vista quando o olhar da f\u00e9 come\u00e7a a se enfraquecer\u201d. \u201cUma Igreja que \u00e9 exemplo do bom samaritano se faz servidora dos que mais sofrem\u201d, apontou.<\/p>\n<p style=\"text-align: justify;\">Mission\u00e1ria<\/p>\n<p>A Igreja mission\u00e1ria, \u201cem sa\u00edda\u201d, de acordo com dom Sergio, compartilha \u201ca experi\u00eancia do encontro com Cristo, a alegria do evangelho, a alegria do amor na fam\u00edlia\u201d, destacou o arcebispo lembrando as exorta\u00e7\u00f5es apost\u00f3licas do papa Francisco. \u201cPor isso, como fez Ananias, possamos dizer a cada dia \u2018aqui estou, Senhor\u2019, como Paulo, possamos sair e ir ao encontro de todos\u201d, desejou. O mandato mission\u00e1rio de Jesus, segundo o presidente da celebra\u00e7\u00e3o, continua a ecoar na Igreja hoje. \u201c\u00c9 preciso sair ao encontro daqueles que no mundo de hoje vivem como Saulo, necessitados da luz da f\u00e9 e do encontro com Cristo. Necessitamos sair ao encontro das ovelhas mais sofridas e errantes do rebanho de Cristo\u201d, ressaltou.<\/p>\n<p style=\"text-align: justify;\">Prof\u00e9tica<\/p>\n<p>O profetismo da Igreja se d\u00e1, de acordo com dom Sergio da Rocha, na aten\u00e7\u00e3o aos problemas sociais, \u201coferecendo a sua contribui\u00e7\u00e3o pr\u00f3pria, \u00e0 luz da f\u00e9 em Cristo, os valores e crit\u00e9rios que brotam do Evangelho para orientar a vida pol\u00edtica, econ\u00f4mica e cultural\u201d. Nesse sentido, o presidente da CNBB destacou que os pronunciamentos da Confer\u00eancia Episcopal n\u00e3o se inspiram em ideologias pol\u00edticas, \u201cmas na palavra de Deus e no magist\u00e9rio da Igreja\u201d. <\/p>\n<p>\u201cNeste momento de crise que vivemos no pais, conclamamos a todos, mais uma vez, para promover a paz, rejeitando qualquer forma de agressividade ou viol\u00eancia nas suas manifesta\u00e7\u00f5es\u201d, convidou. <\/p>\n<p>\u201cO caminho a ser percorrido, \u00e9 o caminho do di\u00e1logo que constr\u00f3i, ao inv\u00e9s da pol\u00eamica ofensiva. \u00c9 o caminho da escuta dos que n\u00e3o podem gritar, no lugar do grito que agride. \u00c9 o caminho do debate respeitoso e n\u00e3o dos embates que transformam em inimigos os que pensam diferente. Com viol\u00eancia, n\u00e3o se constr\u00f3i uma nova sociedade, nem se alcan\u00e7a justi\u00e7a social. Ao contr\u00e1rio, a viol\u00eancia fere a dignidade das pessoas e destr\u00f3i o nosso povo e a nossa casa comum\u201d, apontou.<\/p>\n<p style=\"text-align: justify;\">A\u00e7\u00e3o de Gra\u00e7as <\/p>\n<p>Em sua homilia, dom Sergio tamb\u00e9m expressou o sinal de a\u00e7\u00e3o de gra\u00e7as pela 54\u00aa Assembleia Geral da CNBB, pela pr\u00f3pria Confer\u00eancia, pelos bispos, pela Igreja no Brasil, pelos estudos e pronunciamentos que aconteceram nos dez dias do encontro e pelo \u201cvalioso\u201d documento aprovado sobre os Crist\u00e3os leigos e leigas na Igreja e na sociedade, \u201cchamados a ser sal da terra e luz do mundo\u201d. O presidente da CNBB tamb\u00e9m louvou a Deus pelo Jubileu Extraordin\u00e1rio da Miseric\u00f3rdia.<\/p>\n<p>Dom Sergio encerrou bendizendo a Deus \u201cpelo caminho percorrido at\u00e9 aqui\u201d, mas considerou ter \u201clongo caminho a percorrer para responder fielmente ao mandato mission\u00e1rio de Jesus Cristo\u201d. \u201cAlimentados pela sua palavra e pela eucaristia, na for\u00e7a do Esp\u00edrito Santo, esperamos crescer com todos, especialmente com os crist\u00e3os leigos e leigas, cuja presen\u00e7a e miss\u00e3o queremos valorizar e promover sempre mais\u201d, disse.<\/p>\n<p>A missa foi concelebrada pelo arcebispo de Salvador (BA) e vice-presidente da CNBB, dom Murilo Krieger, e pelo bispo auxiliar de Bras\u00edlia e secret\u00e1rio geral da entidade, dom Leonardo Ulrich Steiner.<\/p>\n<p style=\"text-align: justify;\">Na prociss\u00e3o de entrada, estiveram os bispos do Conselho Permanente da CNBB, que envolve a Presid\u00eancia da entidade, os presidentes das 12 Comiss\u00f5es Episcopais Pastorais e dos Regionais da Confer\u00eancia.<\/p>\n<p>Fonte: Santu\u00e1rio Nacional Aparecida<\/p>\n","protected":false},"excerpt":{"rendered":"<p>Dom Sergio da Rocha presidiu missa de encerramento da 54\u00aa Assembleia Geral da CNBB, que teve in\u00edcio no dia 6 de abril, em Aparecida (SP) \u201cNeste momento de crise que vivemos no pais, conclamamos a todos, mais uma vez, para promover a paz, rejeitando qualquer forma de agressividade ou viol\u00eancia nas suas manifesta\u00e7\u00f5es\u201d, afirmou o [&hellip;]<\/p>\n","protected":false},"author":1,"featured_media":0,"comment_status":"open","ping_status":"open","sticky":false,"template":"","format":"standard","meta":{"footnotes":""},"categories":[4],"tags":[],"class_list":["post-14182","post","type-post","status-publish","format-standard","hentry","category-cotidiano"],"_links":{"self":[{"href":"https:\/\/catolicanet.net\/wp-cnet\/wp-json\/wp\/v2\/posts\/14182","targetHints":{"allow":["GET"]}}],"collection":[{"href":"https:\/\/catolicanet.net\/wp-cnet\/wp-json\/wp\/v2\/posts"}],"about":[{"href":"https:\/\/catolicanet.net\/wp-cnet\/wp-json\/wp\/v2\/types\/post"}],"author":[{"embeddable":true,"href":"https:\/\/catolicanet.net\/wp-cnet\/wp-json\/wp\/v2\/users\/1"}],"replies":[{"embeddable":true,"href":"https:\/\/catolicanet.net\/wp-cnet\/wp-json\/wp\/v2\/comments?post=14182"}],"version-history":[{"count":1,"href":"https:\/\/catolicanet.net\/wp-cnet\/wp-json\/wp\/v2\/posts\/14182\/revisions"}],"predecessor-version":[{"id":26169,"href":"https:\/\/catolicanet.net\/wp-cnet\/wp-json\/wp\/v2\/posts\/14182\/revisions\/26169"}],"wp:attachment":[{"href":"https:\/\/catolicanet.net\/wp-cnet\/wp-json\/wp\/v2\/media?parent=14182"}],"wp:term":[{"taxonomy":"category","embeddable":true,"href":"https:\/\/catolicanet.net\/wp-cnet\/wp-json\/wp\/v2\/categories?post=14182"},{"taxonomy":"post_tag","embeddable":true,"href":"https:\/\/catolicanet.net\/wp-cnet\/wp-json\/wp\/v2\/tags?post=14182"}],"curies":[{"name":"wp","href":"https:\/\/api.w.org\/{rel}","templated":true}]}}