{"id":14179,"date":"2016-04-15T12:46:00","date_gmt":"2016-04-15T15:46:00","guid":{"rendered":"http:\/\/catolicanet.net\/wp-cnet\/2016\/04\/15\/encontro-reune-lideres-latino-americanos-no-vaticano\/"},"modified":"2017-06-02T10:31:18","modified_gmt":"2017-06-02T13:31:18","slug":"encontro-reune-lideres-latino-americanos-no-vaticano","status":"publish","type":"post","link":"https:\/\/catolicanet.net\/wp-cnet\/encontro-reune-lideres-latino-americanos-no-vaticano\/","title":{"rendered":"Encontro re\u00fane l\u00edderes latino-americanos no Vaticano"},"content":{"rendered":"<p style=\"text-align: justify;\"><img decoding=\"async\" src=\"http:\/\/catolicanet.com.br\/images\/stories\/geral\/reuters1220456_articolo.jpg\" border=\"0\" align=\"left\" \/>Os 25 anos da Enc\u00edclica social de Jo\u00e3o Paulo II, Centesimus annus, est\u00e3o sendo lembrados no Vaticano em um congresso de dois dias organizado pela Academia Pontif\u00edcia de Ci\u00eancias Sociais. Est\u00e3o participando l\u00edderes como os Presidentes Rafael Correa, do Equador, e Evo Morales, da Bol\u00edvia. Outros nomes de prest\u00edgio s\u00e3o o economista estadunidense Jeffrey Sachs e o cardeal hondurenho Oscar Andres Rodriguez Maradiaga.\u00a0 <\/p>\n<p>O simp\u00f3sio ter\u00e1 dois eixos principais de debate: as mudan\u00e7as na conjuntura mundial nos \u00faltimos 25 anos em termos econ\u00f4micos, pol\u00edticos e culturais; e o exame sobre como a Doutrina social cat\u00f3lica enfrentou o mundo. O objetivo \u00e9 compreender como a Igreja pode continuar a faz\u00ea-lo nos pr\u00f3ximos anos e d\u00e9cadas. <\/p>\n<p>Democratiza\u00e7\u00e3o<\/p>\n<p>Na primeira palestra, o cardeal Maradiaga vai abordar \u2018Novos desafios e novas preocupa\u00e7\u00f5es\u2019 a respeito da enc\u00edclica. Na sequ\u00eancia, ser\u00e1 a vez de se analisar com os demais oradores as transforma\u00e7\u00f5es do mundo desde 1991, levando em conta o desmanche da Uni\u00e3o Sovi\u00e9tica e a democratiza\u00e7\u00e3o do leste europeu, <\/p>\n<p>\u201cQual \u00e9 a situa\u00e7\u00e3o pol\u00edtica global hoje e que elementos exigem mais aten\u00e7\u00e3o da comunidade internacional e do ensinamento social cat\u00f3lico?\u201d ser\u00e1 o tema do presidente equatoriano; o senador estadunidense Bernie Sanders falar\u00e1 sobre \u201cA urg\u00eancia de uma economia moral\u201d. <\/p>\n<p>Enfim, o boliviano Morales apresentar\u00e1 uma proposta baseada em sua experi\u00eancia de lideran\u00e7a de movimentos populares; \u00e0 luz dos documentos do Magist\u00e9rio apresentados no Encontro Mundial em Santa Cruz de la Sierra, em julho de 2015.<\/p>\n<p style=\"text-align: justify;\">Fonte: R\u00e1dio Vaticano<\/p>\n","protected":false},"excerpt":{"rendered":"<p>Os 25 anos da Enc\u00edclica social de Jo\u00e3o Paulo II, Centesimus annus, est\u00e3o sendo lembrados no Vaticano em um congresso de dois dias organizado pela Academia Pontif\u00edcia de Ci\u00eancias Sociais. Est\u00e3o participando l\u00edderes como os Presidentes Rafael Correa, do Equador, e Evo Morales, da Bol\u00edvia. Outros nomes de prest\u00edgio s\u00e3o o economista estadunidense Jeffrey Sachs [&hellip;]<\/p>\n","protected":false},"author":1,"featured_media":0,"comment_status":"open","ping_status":"open","sticky":false,"template":"","format":"standard","meta":{"footnotes":""},"categories":[3],"tags":[],"class_list":["post-14179","post","type-post","status-publish","format-standard","hentry","category-vaticano"],"_links":{"self":[{"href":"https:\/\/catolicanet.net\/wp-cnet\/wp-json\/wp\/v2\/posts\/14179","targetHints":{"allow":["GET"]}}],"collection":[{"href":"https:\/\/catolicanet.net\/wp-cnet\/wp-json\/wp\/v2\/posts"}],"about":[{"href":"https:\/\/catolicanet.net\/wp-cnet\/wp-json\/wp\/v2\/types\/post"}],"author":[{"embeddable":true,"href":"https:\/\/catolicanet.net\/wp-cnet\/wp-json\/wp\/v2\/users\/1"}],"replies":[{"embeddable":true,"href":"https:\/\/catolicanet.net\/wp-cnet\/wp-json\/wp\/v2\/comments?post=14179"}],"version-history":[{"count":1,"href":"https:\/\/catolicanet.net\/wp-cnet\/wp-json\/wp\/v2\/posts\/14179\/revisions"}],"predecessor-version":[{"id":27926,"href":"https:\/\/catolicanet.net\/wp-cnet\/wp-json\/wp\/v2\/posts\/14179\/revisions\/27926"}],"wp:attachment":[{"href":"https:\/\/catolicanet.net\/wp-cnet\/wp-json\/wp\/v2\/media?parent=14179"}],"wp:term":[{"taxonomy":"category","embeddable":true,"href":"https:\/\/catolicanet.net\/wp-cnet\/wp-json\/wp\/v2\/categories?post=14179"},{"taxonomy":"post_tag","embeddable":true,"href":"https:\/\/catolicanet.net\/wp-cnet\/wp-json\/wp\/v2\/tags?post=14179"}],"curies":[{"name":"wp","href":"https:\/\/api.w.org\/{rel}","templated":true}]}}