{"id":14178,"date":"2016-04-15T12:42:23","date_gmt":"2016-04-15T15:42:23","guid":{"rendered":"http:\/\/catolicanet.net\/wp-cnet\/2016\/04\/15\/acompanhe-com-a-rv-visita-do-papa-a-grecia\/"},"modified":"2017-05-30T09:16:58","modified_gmt":"2017-05-30T12:16:58","slug":"acompanhe-com-a-rv-visita-do-papa-a-grecia","status":"publish","type":"post","link":"https:\/\/catolicanet.net\/wp-cnet\/acompanhe-com-a-rv-visita-do-papa-a-grecia\/","title":{"rendered":"Acompanhe com a RV visita do Papa \u00e0 Gr\u00e9cia"},"content":{"rendered":"<p style=\"text-align: justify;\"><img decoding=\"async\" src=\"http:\/\/catolicanet.com.br\/images\/stories\/geral\/afp5165993_articolo.jpg\" border=\"0\" align=\"left\" \/>Em vista da viagem \u00e0 ilha grega de Lesbos, o Papa Francisco, como \u00e9 tradi\u00e7\u00e3o, foi confiar sua visita \u00e0 imagem de Nossa Senhora Salus populi Romani. O Pont\u00edfice deixou o Vaticano na tarde de quinta-feira (14\/04) \u00e0s 19h e durante meia-hora esteve em ora\u00e7\u00e3o na Bas\u00edlica de Santa Maria Maior.<\/p>\n<p>O Papa ofereceu \u00e0 Virgem um ma\u00e7o de rosas brancas e azuis, que s\u00e3o as cores da Gr\u00e9cia.<\/p>\n<p>Francisco deixar\u00e1 o aeroporto romano de Fiumicino na manh\u00e3 de s\u00e1bado (16\/04) \u00e0s 7h (hora local) rumo \u00e0 cidade de Mytilene, em Lesbos. No aeroporto internacional da ilha ser\u00e1 recebido pelo Primeiro-Ministro grego, Alexis Tsipras, e depois pelo Patriarca Ecum\u00eanico de Constantinopla, Bartolomeu I, e pelo Arcebispo de Atenas e de toda a Gr\u00e9cia, Ieronymos.<\/p>\n<p>Acompanhe com a RV<\/p>\n<p>A R\u00e1dio Vaticano acompanhar\u00e1 a viagem de Francisco com duas transmiss\u00f5es ao vivo, com coment\u00e1rios em portugu\u00eas. A primeira \u00e9 no campo de refugiados de M\u00f3ria, a partir das 05h05 (hor\u00e1rio de Bras\u00edlia), com dura\u00e7\u00e3o prevista de 1 hora e 45 minutos.<\/p>\n<p>No campo que abriga 2,5 mil requerentes de asilo, Francisco saudar\u00e1 pessoalmente 150 menores e 250 adultos. Cada um dos tr\u00eas l\u00edderes religiosos pronunciar\u00e1 um discurso, seguido da assinatura de uma declara\u00e7\u00e3o conjunta. Na sequ\u00eancia, haver\u00e1 o almo\u00e7o num cont\u00eainer do campo com oito refugiados.<\/p>\n<p>A segunda transmiss\u00e3o da R\u00e1dio Vaticano tem in\u00edcio previsto \u00e0s 07h35 (hor\u00e1rio de Bras\u00edlia) no porto de Mytilene, de 45 minutos de dura\u00e7\u00e3o. Ali, Francisco se encontrar\u00e1 com alguns moradores da ilha e com a pequena comunidade cat\u00f3lica, de aproximadamente 100 pessoas. O Papa pronunciar\u00e1 um discurso, ao final do qual os tr\u00eas l\u00edderes recitar\u00e3o cada um uma breve ora\u00e7\u00e3o em mem\u00f3ria das v\u00edtimas das migra\u00e7\u00f5es. Depois de um minuto de sil\u00eancio, ser\u00e3o lan\u00e7adas tr\u00eas coroas de louro ao mar.<\/p>\n<p>O \u00faltimo compromisso de Francisco, sem transmiss\u00e3o da RV, \u00e9 no aeroporto internacional da ilha para tr\u00eas encontros privados: com Ieronymos, com Bartolomeu e com Tsipras. Depois da cerim\u00f4nia de despedia, o Papa regressa a Roma com previs\u00e3o de chegada \u00e0s 11h30 (hor\u00e1rio de Bras\u00edlia).<\/p>\n<p style=\"text-align: justify;\">Fonte: R\u00e1dio Vaticano<\/p>\n","protected":false},"excerpt":{"rendered":"<p>Em vista da viagem \u00e0 ilha grega de Lesbos, o Papa Francisco, como \u00e9 tradi\u00e7\u00e3o, foi confiar sua visita \u00e0 imagem de Nossa Senhora Salus populi Romani. O Pont\u00edfice deixou o Vaticano na tarde de quinta-feira (14\/04) \u00e0s 19h e durante meia-hora esteve em ora\u00e7\u00e3o na Bas\u00edlica de Santa Maria Maior. O Papa ofereceu \u00e0 [&hellip;]<\/p>\n","protected":false},"author":1,"featured_media":0,"comment_status":"open","ping_status":"open","sticky":false,"template":"","format":"standard","meta":{"footnotes":""},"categories":[3],"tags":[],"class_list":["post-14178","post","type-post","status-publish","format-standard","hentry","category-vaticano"],"_links":{"self":[{"href":"https:\/\/catolicanet.net\/wp-cnet\/wp-json\/wp\/v2\/posts\/14178","targetHints":{"allow":["GET"]}}],"collection":[{"href":"https:\/\/catolicanet.net\/wp-cnet\/wp-json\/wp\/v2\/posts"}],"about":[{"href":"https:\/\/catolicanet.net\/wp-cnet\/wp-json\/wp\/v2\/types\/post"}],"author":[{"embeddable":true,"href":"https:\/\/catolicanet.net\/wp-cnet\/wp-json\/wp\/v2\/users\/1"}],"replies":[{"embeddable":true,"href":"https:\/\/catolicanet.net\/wp-cnet\/wp-json\/wp\/v2\/comments?post=14178"}],"version-history":[{"count":1,"href":"https:\/\/catolicanet.net\/wp-cnet\/wp-json\/wp\/v2\/posts\/14178\/revisions"}],"predecessor-version":[{"id":24381,"href":"https:\/\/catolicanet.net\/wp-cnet\/wp-json\/wp\/v2\/posts\/14178\/revisions\/24381"}],"wp:attachment":[{"href":"https:\/\/catolicanet.net\/wp-cnet\/wp-json\/wp\/v2\/media?parent=14178"}],"wp:term":[{"taxonomy":"category","embeddable":true,"href":"https:\/\/catolicanet.net\/wp-cnet\/wp-json\/wp\/v2\/categories?post=14178"},{"taxonomy":"post_tag","embeddable":true,"href":"https:\/\/catolicanet.net\/wp-cnet\/wp-json\/wp\/v2\/tags?post=14178"}],"curies":[{"name":"wp","href":"https:\/\/api.w.org\/{rel}","templated":true}]}}