{"id":14177,"date":"2016-04-15T12:34:22","date_gmt":"2016-04-15T15:34:22","guid":{"rendered":"http:\/\/catolicanet.net\/wp-cnet\/2016\/04\/15\/card-scherer-qsuperar-crise-politica-e-derrotar-crise-moralq\/"},"modified":"2017-05-26T16:06:59","modified_gmt":"2017-05-26T19:06:59","slug":"card-scherer-qsuperar-crise-politica-e-derrotar-crise-moralq","status":"publish","type":"post","link":"https:\/\/catolicanet.net\/wp-cnet\/card-scherer-qsuperar-crise-politica-e-derrotar-crise-moralq\/","title":{"rendered":"Card. Scherer: &#8220;Superar crise pol\u00edtica e derrotar crise moral&#8221;"},"content":{"rendered":"<p style=\"text-align: justify;\"><img decoding=\"async\" src=\"http:\/\/catolicanet.com.br\/images\/stories\/geral\/reuters1377924_articolo.jpg\" border=\"0\" align=\"left\" \/>A 54\u00aa Assembleia anual da CNBB, iniciada em 9 de abril, reuniu cerca de 320 bispos do pa\u00eds ao redor do tema central: &#8220;Crist\u00e3os Leigos e Leigas na Igreja e na Sociedade &#8211; Sal da Terra e Luz no Mundo&#8221;. A pauta do encontro foi abrangente, indo de temas como a liturgia aos ligados \u00e0 sociedade, como a crise econ\u00f4mica brasileira e as mudan\u00e7as do quadro religioso no pa\u00eds.<\/p>\n<p>Em um documento intitulado &#8216;Declara\u00e7\u00e3o da CNBB sobre o Momento Nacional&#8217;, a entidade defende a efetiva participa\u00e7\u00e3o popular no processo pol\u00edtico, a restaura\u00e7\u00e3o da credibilidade das institui\u00e7\u00f5es e a autonomia dos poderes. Os bispos tamb\u00e9m cobram uma rigorosa apura\u00e7\u00e3o das suspeitas de irregularidades e esquemas de corrup\u00e7\u00e3o, com julgamento dos acusados e respeito ao direito de defesa dos envolvidos.<\/p>\n<p>O Arcebispo de S\u00e3o Paulo, Cardeal Odilo Scherer, fez um balan\u00e7o dos debates e comentou a situa\u00e7\u00e3o pol\u00edtica atual no Brasil, \u00e0s v\u00e9speras da vota\u00e7\u00e3o para o impeachment da Presidente Dilma Rousseff. Ou\u00e7a a \u00edntegra da entrevista, concedida a Silvonei Jos\u00e9, clicando abaixo.<\/p>\n<p style=\"text-align: justify;\">Fonte: R\u00e1dio Vaticano<\/p>\n","protected":false},"excerpt":{"rendered":"<p>A 54\u00aa Assembleia anual da CNBB, iniciada em 9 de abril, reuniu cerca de 320 bispos do pa\u00eds ao redor do tema central: &#8220;Crist\u00e3os Leigos e Leigas na Igreja e na Sociedade &#8211; Sal da Terra e Luz no Mundo&#8221;. A pauta do encontro foi abrangente, indo de temas como a liturgia aos ligados \u00e0 [&hellip;]<\/p>\n","protected":false},"author":1,"featured_media":0,"comment_status":"open","ping_status":"open","sticky":false,"template":"","format":"standard","meta":{"footnotes":""},"categories":[7],"tags":[],"class_list":["post-14177","post","type-post","status-publish","format-standard","hentry","category-cnbb"],"_links":{"self":[{"href":"https:\/\/catolicanet.net\/wp-cnet\/wp-json\/wp\/v2\/posts\/14177","targetHints":{"allow":["GET"]}}],"collection":[{"href":"https:\/\/catolicanet.net\/wp-cnet\/wp-json\/wp\/v2\/posts"}],"about":[{"href":"https:\/\/catolicanet.net\/wp-cnet\/wp-json\/wp\/v2\/types\/post"}],"author":[{"embeddable":true,"href":"https:\/\/catolicanet.net\/wp-cnet\/wp-json\/wp\/v2\/users\/1"}],"replies":[{"embeddable":true,"href":"https:\/\/catolicanet.net\/wp-cnet\/wp-json\/wp\/v2\/comments?post=14177"}],"version-history":[{"count":1,"href":"https:\/\/catolicanet.net\/wp-cnet\/wp-json\/wp\/v2\/posts\/14177\/revisions"}],"predecessor-version":[{"id":23756,"href":"https:\/\/catolicanet.net\/wp-cnet\/wp-json\/wp\/v2\/posts\/14177\/revisions\/23756"}],"wp:attachment":[{"href":"https:\/\/catolicanet.net\/wp-cnet\/wp-json\/wp\/v2\/media?parent=14177"}],"wp:term":[{"taxonomy":"category","embeddable":true,"href":"https:\/\/catolicanet.net\/wp-cnet\/wp-json\/wp\/v2\/categories?post=14177"},{"taxonomy":"post_tag","embeddable":true,"href":"https:\/\/catolicanet.net\/wp-cnet\/wp-json\/wp\/v2\/tags?post=14177"}],"curies":[{"name":"wp","href":"https:\/\/api.w.org\/{rel}","templated":true}]}}