{"id":14150,"date":"2016-04-13T14:41:41","date_gmt":"2016-04-13T17:41:41","guid":{"rendered":"http:\/\/catolicanet.net\/wp-cnet\/2016\/04\/13\/gracas-ao-padre-pio-deixou-de-ser-musico-de-cabare-e-agora-e-sacerdote-no-iraque\/"},"modified":"2017-05-31T11:06:48","modified_gmt":"2017-05-31T14:06:48","slug":"gracas-ao-padre-pio-deixou-de-ser-musico-de-cabare-e-agora-e-sacerdote-no-iraque","status":"publish","type":"post","link":"https:\/\/catolicanet.net\/wp-cnet\/gracas-ao-padre-pio-deixou-de-ser-musico-de-cabare-e-agora-e-sacerdote-no-iraque\/","title":{"rendered":"Gra\u00e7as ao Padre Pio, deixou de ser m\u00fasico de cabar\u00e9 e agora \u00e9 sacerdote no Iraque"},"content":{"rendered":"<p style=\"text-align: justify;\"><img decoding=\"async\" src=\"http:\/\/catolicanet.com.br\/images\/stories\/geral\/piopietrelcinapjeanmarie.jpg\" border=\"0\" align=\"left\" \/>O Pe. Jean Marie Benjamin \u00e9 um franc\u00eas que teve um intenso e inesquec\u00edvel encontro com Padre Pio de Pietrelcina na d\u00e9cada de 60. Depois dessa ocasi\u00e3o que marcou a sua vida para sempre, deixou de ser m\u00fasico de cabar\u00e9 para tornar-se sacerdote.<\/p>\n<p>Em 1968, Benjamin tinha pouco mais de 20 anos, levava uma vida libertina em Paris e trabalhava como m\u00fasico em um cabar\u00e9. Queria dedicar-se totalmente \u00e0 m\u00fasica. Naquela \u00e9poca, j\u00e1 tinha gravado dois discos e estava compondo sua primeira sinfonia.<\/p>\n<p>Um dia, conforme contou \u00e0 ACI Stampa \u2013 ag\u00eancia em italiano do Grupo ACI \u2013, foi jantar na casa de um amigo e na biblioteca encontrou um livro sobre o Padre Pio. Recordou que ao ver a foto do frei na capa, esta \u201catraiu seu olhar\u201d. Pediu o livro emprestado, leu em uma noite e decidiu ir a San Giovanni Rotondo, na It\u00e1lia.<\/p>\n<p>Quando chegou \u00e0 cidade, conheceu na hospedagem Marco, um professor de literatura que tamb\u00e9m queria ver o Padre Pio. Este lhe aconselhou que se queria confessar-se com o frade capuchinho, devia ir \u00e0 Missa das 5h e conseguir uma entrada. Tamb\u00e9m lhe comentou que j\u00e1 n\u00e3o confessava os estrangeiros, mas o animou para que tentasse.<\/p>\n<p>No dia seguinte, Benjamim foi \u00e0 Missa. Recordou que o Padre Pio estava em uma cadeira de rodas, muito idoso e encolhido pela dor dos estigmas e, apesar disso, \u201ctodos o olhavam com admira\u00e7\u00e3o. A emo\u00e7\u00e3o era grande\u201d.<\/p>\n<p>O momento da consagra\u00e7\u00e3o \u201cera imposs\u00edvel de descrever. N\u00e3o h\u00e1 palavras nem express\u00f5es para dizer com exatid\u00e3o o que estava acontecendo\u201d, porque al\u00e9m disso os p\u00e1ssaros que estavam nas janelas do templo permaneciam em sil\u00eancio.<\/p>\n<p>Benjamin n\u00e3o conseguiu um ingresso, mas Marco lhe entregou o seu que j\u00e1 n\u00e3o usaria. Entretanto, o frei dos estigmas n\u00e3o confessou durante os tr\u00eas dias seguintes porque estava muito cansado e mal de sa\u00fade.<\/p>\n<p>No domingo, 8 de mar\u00e7o, quando abriram a porta do templo, Benjamim correu e sentou-se na primeira fila para a confiss\u00e3o.<\/p>\n<p>Quando chegou a sua vez, o Padre Pio lhe perguntou lentamente como se soubesse que n\u00e3o entendia o italiano: \u201cH\u00e1 quanto tempo voc\u00ea n\u00e3o se confessa?\u201d. Benjamin lhe contou sua hist\u00f3ria em franc\u00eas. O sacerdote repetiu a pergunta e ele respondeu que n\u00e3o o recordava.<\/p>\n<p>\u201cPadre Pio Padre Pio levantou a m\u00e3o direita, a esquerda e a mexeu tr\u00eas, quatro vezes, fazendo um barulho que parecia longo. Em seguida me disse o dia, o m\u00eas e o ano de minha \u00faltima confiss\u00e3o. Foi em 13 de julho de 1961, em Costa de Marfim, quando viajei \u00e0 \u00c1frica com meus pais\u201d, relatou \u00e0 ACI Stampa.<\/p>\n<p>Depois de um longo silencio, o jovem pediu a b\u00ean\u00e7\u00e3o do Padre Pio e este lhe disse olhando profundamente nos olhos: \u201cProcura um sacerdote franc\u00eas\u201d. Benjamim tocou seus estigmas e sentiu \u201cum calor impressionante\u201d e a forte presen\u00e7a de Deus.<\/p>\n<p>Regressou para Paris sentindo-se renovado pelo encontro com o Padre Pio que lhe \u201chavia dado como uma for\u00e7a nova\u201d, sobretudo \u201cem meu interior\u201d.<\/p>\n<p>No dia 23 de setembro de 1968, o Padre Pio faleceu e a not\u00edcia entristeceu Benjamin, n\u00e3o podia acreditar e chorou. Ent\u00e3o recordou o que o frei capuchino lhe disse, para procurar um sacerdote franc\u00eas para confessar-se.<\/p>\n<p>\u201cN\u00e3o havia feito e nem sequer havia pensado nisto. Mas logo fui pegar um metr\u00f4 para descer em qualquer esta\u00e7\u00e3o, caminhar e entrar na primeira igreja\u201d, recordou.<\/p>\n<p>Assim o fez. Desceu em Notre Dame des Victoires, entrou na primeira igreja e viu dois confession\u00e1rios vazios. Entrou em um e disse ao sacerdote: \u201cPadre lhe digo a verdade, n\u00e3o vim apenas confessar-me, mas tamb\u00e9m da parte do Padre Pio\u201d.<\/p>\n<p>O sacerdote escutou o relato de Jean Marie e lhe disse: \u201c\u00c9 muito belo tudo o que te aconteceu. Al\u00e9m disso, ningu\u00e9m havia dado meu nome para que venha me buscar. Com certeza foi o Padre Pio que te guiou. Sabe por que estou dizendo isto? Porque sou o Padre Reveilhac, respons\u00e1vel da coleta de recursos na Fran\u00e7a para a Casa do Al\u00edvio do Sofrimento, como se chama o hospital do Padre Pio. Al\u00e9m disso, h\u00e1 30 anos vou duas vezes ao ano a San Giovanni Rotondo e visito o Padre Pio\u201d.<\/p>\n<p>O Pe. Reveilhac se tornou diretor espiritual de Jean Marie Benjamin e o ajudou a crescer na f\u00e9 e na vida espiritual. O jovem sentiu o chamado ao sacerd\u00f3cio, mas o presb\u00edtero lhe disse que devia esperar porque sua voca\u00e7\u00e3o ainda n\u00e3o havia amadurecido.<\/p>\n<p>\u201cA resposta foi dura, mas com o tempo entendi que o Pe. Reveilhac tinha raz\u00e3o: n\u00e3o sabia se poderia mudar o meu estilo de vida imediatamente, deixar a m\u00fasica, a composi\u00e7\u00e3o, o est\u00fadio de grava\u00e7\u00e3o, os concertos\u201d, comentou.<\/p>\n<p>Pouco a pouco, foi se dedicando a outras atividades. De 1983 a 1988, Benjamim foi funcion\u00e1rio do Escrit\u00f3rio das Na\u00e7\u00f5es Unidas em G\u00eanova, uma de suas responsabilidades foi organizar eventos do Fundo das Na\u00e7\u00f5es Unidas para a Inf\u00e2ncia (UNICEF).<\/p>\n<p>Em mar\u00e7o de 1988, deixou seu trabalho e retornou a San Giovanni Rotondo, ali tomou a decis\u00e3o de ser sacerdote. Foi ordenado em 26 de outubro de 1991. Neste mesmo ano, tornou-se assistente do Cardeal italiano Antonio Casaroli, enviado especial do Vaticano para miss\u00f5es diplom\u00e1ticas e Secret\u00e1rio de Estado Em\u00e9rito.<\/p>\n<p style=\"text-align: justify;\">Fonte: Acidigital<\/p>\n","protected":false},"excerpt":{"rendered":"<p>O Pe. Jean Marie Benjamin \u00e9 um franc\u00eas que teve um intenso e inesquec\u00edvel encontro com Padre Pio de Pietrelcina na d\u00e9cada de 60. Depois dessa ocasi\u00e3o que marcou a sua vida para sempre, deixou de ser m\u00fasico de cabar\u00e9 para tornar-se sacerdote. Em 1968, Benjamin tinha pouco mais de 20 anos, levava uma vida [&hellip;]<\/p>\n","protected":false},"author":1,"featured_media":0,"comment_status":"open","ping_status":"open","sticky":false,"template":"","format":"standard","meta":{"footnotes":""},"categories":[4],"tags":[],"class_list":["post-14150","post","type-post","status-publish","format-standard","hentry","category-cotidiano"],"_links":{"self":[{"href":"https:\/\/catolicanet.net\/wp-cnet\/wp-json\/wp\/v2\/posts\/14150","targetHints":{"allow":["GET"]}}],"collection":[{"href":"https:\/\/catolicanet.net\/wp-cnet\/wp-json\/wp\/v2\/posts"}],"about":[{"href":"https:\/\/catolicanet.net\/wp-cnet\/wp-json\/wp\/v2\/types\/post"}],"author":[{"embeddable":true,"href":"https:\/\/catolicanet.net\/wp-cnet\/wp-json\/wp\/v2\/users\/1"}],"replies":[{"embeddable":true,"href":"https:\/\/catolicanet.net\/wp-cnet\/wp-json\/wp\/v2\/comments?post=14150"}],"version-history":[{"count":1,"href":"https:\/\/catolicanet.net\/wp-cnet\/wp-json\/wp\/v2\/posts\/14150\/revisions"}],"predecessor-version":[{"id":26180,"href":"https:\/\/catolicanet.net\/wp-cnet\/wp-json\/wp\/v2\/posts\/14150\/revisions\/26180"}],"wp:attachment":[{"href":"https:\/\/catolicanet.net\/wp-cnet\/wp-json\/wp\/v2\/media?parent=14150"}],"wp:term":[{"taxonomy":"category","embeddable":true,"href":"https:\/\/catolicanet.net\/wp-cnet\/wp-json\/wp\/v2\/categories?post=14150"},{"taxonomy":"post_tag","embeddable":true,"href":"https:\/\/catolicanet.net\/wp-cnet\/wp-json\/wp\/v2\/tags?post=14150"}],"curies":[{"name":"wp","href":"https:\/\/api.w.org\/{rel}","templated":true}]}}