{"id":14145,"date":"2016-04-13T13:55:53","date_gmt":"2016-04-13T16:55:53","guid":{"rendered":"http:\/\/catolicanet.net\/wp-cnet\/2016\/04\/13\/jubileu-indios-na-amazonia-tambem-tem-sua-porta-santa\/"},"modified":"2017-06-02T11:07:54","modified_gmt":"2017-06-02T14:07:54","slug":"jubileu-indios-na-amazonia-tambem-tem-sua-porta-santa","status":"publish","type":"post","link":"https:\/\/catolicanet.net\/wp-cnet\/jubileu-indios-na-amazonia-tambem-tem-sua-porta-santa\/","title":{"rendered":"Jubileu: \u00edndios na Amaz\u00f4nia tamb\u00e9m t\u00eam sua Porta Santa"},"content":{"rendered":"<p style=\"text-align: justify;\"><img decoding=\"async\" src=\"http:\/\/catolicanet.com.br\/images\/stories\/geral\/epa2001383_articolo.jpg\" border=\"0\" align=\"left\" \/>A edi\u00e7\u00e3o desta quarta-feira (13\/04) do Programa \u201cPorta Aberta no Ano da Miseric\u00f3rdia\u201d \u00e9 dedicada \u00e0 54\u00aa Assembleia Geral do episcopado brasileiro.<\/p>\n<p>O correspondente da R\u00e1dio Vaticano, Silvonei Jos\u00e9, entrevistou in\u00fameros participantes que falaram das iniciativas em suas dioceses promovidas por ocasi\u00e3o deste Ano Jubilar.<\/p>\n<p>Come\u00e7amos pelo anfitri\u00e3o da Assembleia, a Arquidiocese de Aparecida. O reitor do Santu\u00e1rio Nacional, Pe. Jo\u00e3o Batista de Almeida, fala da Porta Santa do templo.<\/p>\n<p>Quem tamb\u00e9m tem sua Porta Santa s\u00e3o os \u00edndios da regi\u00e3o amaz\u00f4nica. Ou\u00e7a as entrevistas com a Assessora da Comiss\u00e3o Episcopal para a Amaz\u00f4nia, Ir. Irene Lopes, com o Arcebispo de Porto Velho (Rond\u00f4nia), Dom Roque Paloschi, e com o Bispo de Marab\u00e1 (Par\u00e1), Dom Vital Corbellini.<\/p>\n<p>Os outros entrevistados desta edi\u00e7\u00e3o s\u00e3o o Bispo de Goi\u00e1s, Dom Eug\u00eanio Rixen, e o Arcebispo de Feira de Santana, Dom Itamar Vian.<\/p>\n<p style=\"text-align: justify;\">Fonte: R\u00e1dio Vaticano<\/p>\n","protected":false},"excerpt":{"rendered":"<p>A edi\u00e7\u00e3o desta quarta-feira (13\/04) do Programa \u201cPorta Aberta no Ano da Miseric\u00f3rdia\u201d \u00e9 dedicada \u00e0 54\u00aa Assembleia Geral do episcopado brasileiro. O correspondente da R\u00e1dio Vaticano, Silvonei Jos\u00e9, entrevistou in\u00fameros participantes que falaram das iniciativas em suas dioceses promovidas por ocasi\u00e3o deste Ano Jubilar. Come\u00e7amos pelo anfitri\u00e3o da Assembleia, a Arquidiocese de Aparecida. O [&hellip;]<\/p>\n","protected":false},"author":1,"featured_media":0,"comment_status":"open","ping_status":"open","sticky":false,"template":"","format":"standard","meta":{"footnotes":""},"categories":[3],"tags":[],"class_list":["post-14145","post","type-post","status-publish","format-standard","hentry","category-vaticano"],"_links":{"self":[{"href":"https:\/\/catolicanet.net\/wp-cnet\/wp-json\/wp\/v2\/posts\/14145","targetHints":{"allow":["GET"]}}],"collection":[{"href":"https:\/\/catolicanet.net\/wp-cnet\/wp-json\/wp\/v2\/posts"}],"about":[{"href":"https:\/\/catolicanet.net\/wp-cnet\/wp-json\/wp\/v2\/types\/post"}],"author":[{"embeddable":true,"href":"https:\/\/catolicanet.net\/wp-cnet\/wp-json\/wp\/v2\/users\/1"}],"replies":[{"embeddable":true,"href":"https:\/\/catolicanet.net\/wp-cnet\/wp-json\/wp\/v2\/comments?post=14145"}],"version-history":[{"count":1,"href":"https:\/\/catolicanet.net\/wp-cnet\/wp-json\/wp\/v2\/posts\/14145\/revisions"}],"predecessor-version":[{"id":28077,"href":"https:\/\/catolicanet.net\/wp-cnet\/wp-json\/wp\/v2\/posts\/14145\/revisions\/28077"}],"wp:attachment":[{"href":"https:\/\/catolicanet.net\/wp-cnet\/wp-json\/wp\/v2\/media?parent=14145"}],"wp:term":[{"taxonomy":"category","embeddable":true,"href":"https:\/\/catolicanet.net\/wp-cnet\/wp-json\/wp\/v2\/categories?post=14145"},{"taxonomy":"post_tag","embeddable":true,"href":"https:\/\/catolicanet.net\/wp-cnet\/wp-json\/wp\/v2\/tags?post=14145"}],"curies":[{"name":"wp","href":"https:\/\/api.w.org\/{rel}","templated":true}]}}