{"id":14125,"date":"2016-04-12T13:42:50","date_gmt":"2016-04-12T16:42:50","guid":{"rendered":"http:\/\/catolicanet.net\/wp-cnet\/2016\/04\/12\/pela-familia-que-passa-o-futuro-da-humanidade-afirmou-dom-raymundo-damasceno-durante-coletiva-de-imprensa\/"},"modified":"2017-05-26T16:08:14","modified_gmt":"2017-05-26T19:08:14","slug":"pela-familia-que-passa-o-futuro-da-humanidade-afirmou-dom-raymundo-damasceno-durante-coletiva-de-imprensa","status":"publish","type":"post","link":"https:\/\/catolicanet.net\/wp-cnet\/pela-familia-que-passa-o-futuro-da-humanidade-afirmou-dom-raymundo-damasceno-durante-coletiva-de-imprensa\/","title":{"rendered":"\u201cPela fam\u00edlia que passa o futuro da humanidade\u201d, afirmou dom Raymundo Damasceno durante coletiva de imprensa"},"content":{"rendered":"<p style=\"text-align: justify;\"><img decoding=\"async\" src=\"http:\/\/catolicanet.com.br\/images\/stories\/geral\/domdamasceno.jpg\" border=\"0\" align=\"left\" \/>Cardeal abordou cap\u00edtulos 6 e 8 da Exorta\u00e7\u00e3o do papa Francisco Amoris Letitia<\/p>\n<p>No sexto dia da 54\u00aa Assembleia Geral (AG) da Confer\u00eancia Nacional dos Bispos do Brasil (CNBB), 11, o arcebispo de Aparecida (SP), cardeal Raymundo Damasceno Assis, falou \u00e0 imprensa sobre o retiro dos bispos e a respeito da exorta\u00e7\u00e3o apost\u00f3lica p\u00f3s-sinodal Amores Letitia. <\/p>\n<p>O retiro ocorrido no s\u00e1bado e conclu\u00eddo ontem, 10, contou com a prega\u00e7\u00e3o do presidente do Pontif\u00edcio Conselho para a Cultura, cardeal Gianfranco Ravasi. Segundo o arcebispo, o cardeal abordou a tem\u00e1tica da miseric\u00f3rdia divina. <\/p>\n<p>O arcebispo comentou que as palavras proferidas por Gianfranco durante o retiro foram \u201cbem fundamentadas do ponto de vista b\u00edblico e cultural\u201d e concluiu dizendo que Gianfranco se apoiou em v\u00e1rios escritores e autores renomados. \u201cFoi um retiro muito proveitoso, agrad\u00e1vel\u201d e de \u201cuma linguagem f\u00e1cil, apesar de o cardeal falar italiano\u201d, salientou dom Raymundo.<\/p>\n<p>O arcebispo falou, ainda, sobre a exorta\u00e7\u00e3o apost\u00f3lica do papa Francisco Amoris Letitia,\u00a0 especialmente os cap\u00edtulos 6 e 8. Dom Damasceno destacou as perspectivas pastorais presentes no cap\u00edtulo 6 do texto.\u00a0 \u201cO papa chama a aten\u00e7\u00e3o para o an\u00fancio do evangelho da fam\u00edlia\u201d. Ainda de acordo com ele, no cap\u00edtulo, o matrim\u00f4nio \u00e9 colocado como uma voca\u00e7\u00e3o. \u201cMatrim\u00f4nio n\u00e3o \u00e9 loteria, n\u00e3o \u00e9 uma aventura. \u00c9 um caminho de realiza\u00e7\u00e3o para duas pessoas\u201d, acrescentou.<\/p>\n<p>Na sequ\u00eancia, o cardeal afirmou que o documento fala de acompanhamentos, de atitudes pastorais em rela\u00e7\u00e3o ao matrim\u00f4nio e destacou\u00a0 que o papa insiste, como por exemplo, na Pastoral Familiar, bem como na capacita\u00e7\u00e3o daqueles que, de alguma forma, atuam junto \u00e0s fam\u00edlias, desde os futuros presb\u00edteros como os casais.\u00a0 <\/p>\n<p> O cardeal afirma ainda que o documento \u00e9 um acompanhamento do namoro, do noivado at\u00e9 o casamento. <\/p>\n<p>J\u00e1 em rela\u00e7\u00e3o a uni\u00e3o homossexual, que tamb\u00e9m \u00e9 tratada no documento, o cardeal disse que a posi\u00e7\u00e3o da Igreja deve ser de acolhida. \u201cN\u00e3o podemos equiparar, mas temos que respeitar, acolh\u00ea-las\u201d. E ao finalizar o cap\u00edtulo 6, o cardeal complementou dizendo que \u201ca fam\u00edlia \u00e9 fundamental n\u00e3o s\u00f3 para a sociedade, mas tamb\u00e9m para a Igreja.\u00a0 Pela fam\u00edlia que passa o futuro da humanidade\u201d.<br \/>\u201cAcompanhar, discernir e integrar a fragilidade\u201d<\/p>\n<p>Sobre o cap\u00edtulo 8, que tem como t\u00edtulo \u201cAcompanhar, discernir e integrar a fragilidade\u201d, o cardeal explica que nele, o papa insiste em lembrar que cada caso \u00e9 um caso. \u201cO papa lembra que \u00e9 fundamental o acompanhamento de cada caso, sem ignorar a complexidade de cada ocasi\u00e3o. \u00c9 importante se chegar a um discernimento\u201d, ressaltou.<\/p>\n<p>Ao final, falou\u00a0 que o documento \u00e9 muito aberto para os casais que vivem em uma segunda uni\u00e3o e que, principalmente no cap\u00edtulo 8, o papa utiliza duas palavras: integra\u00e7\u00e3o e discernimento. \u201c\u00c9 importante cultivar a cultura do di\u00e1logo, nunca de exclus\u00e3o, mesmo que a pessoa esteja em uma situa\u00e7\u00e3o irregular, isso n\u00e3o a exclui da comunidade, da igreja\u201d, elucidou.<\/p>\n<p style=\"text-align: justify;\">Fonte: CNBB<\/p>\n<p style=\"text-align: justify;\">\n<p><\/p>\n","protected":false},"excerpt":{"rendered":"<p>Cardeal abordou cap\u00edtulos 6 e 8 da Exorta\u00e7\u00e3o do papa Francisco Amoris Letitia No sexto dia da 54\u00aa Assembleia Geral (AG) da Confer\u00eancia Nacional dos Bispos do Brasil (CNBB), 11, o arcebispo de Aparecida (SP), cardeal Raymundo Damasceno Assis, falou \u00e0 imprensa sobre o retiro dos bispos e a respeito da exorta\u00e7\u00e3o apost\u00f3lica p\u00f3s-sinodal Amores [&hellip;]<\/p>\n","protected":false},"author":1,"featured_media":0,"comment_status":"open","ping_status":"open","sticky":false,"template":"","format":"standard","meta":{"footnotes":""},"categories":[7],"tags":[],"class_list":["post-14125","post","type-post","status-publish","format-standard","hentry","category-cnbb"],"_links":{"self":[{"href":"https:\/\/catolicanet.net\/wp-cnet\/wp-json\/wp\/v2\/posts\/14125","targetHints":{"allow":["GET"]}}],"collection":[{"href":"https:\/\/catolicanet.net\/wp-cnet\/wp-json\/wp\/v2\/posts"}],"about":[{"href":"https:\/\/catolicanet.net\/wp-cnet\/wp-json\/wp\/v2\/types\/post"}],"author":[{"embeddable":true,"href":"https:\/\/catolicanet.net\/wp-cnet\/wp-json\/wp\/v2\/users\/1"}],"replies":[{"embeddable":true,"href":"https:\/\/catolicanet.net\/wp-cnet\/wp-json\/wp\/v2\/comments?post=14125"}],"version-history":[{"count":1,"href":"https:\/\/catolicanet.net\/wp-cnet\/wp-json\/wp\/v2\/posts\/14125\/revisions"}],"predecessor-version":[{"id":23771,"href":"https:\/\/catolicanet.net\/wp-cnet\/wp-json\/wp\/v2\/posts\/14125\/revisions\/23771"}],"wp:attachment":[{"href":"https:\/\/catolicanet.net\/wp-cnet\/wp-json\/wp\/v2\/media?parent=14125"}],"wp:term":[{"taxonomy":"category","embeddable":true,"href":"https:\/\/catolicanet.net\/wp-cnet\/wp-json\/wp\/v2\/categories?post=14125"},{"taxonomy":"post_tag","embeddable":true,"href":"https:\/\/catolicanet.net\/wp-cnet\/wp-json\/wp\/v2\/tags?post=14125"}],"curies":[{"name":"wp","href":"https:\/\/api.w.org\/{rel}","templated":true}]}}