{"id":14120,"date":"2016-04-11T19:00:21","date_gmt":"2016-04-11T22:00:21","guid":{"rendered":"http:\/\/catolicanet.net\/wp-cnet\/2016\/04\/11\/romaria-da-juventude-jovens-testemunham-a-unidade-e-acao-de-deus-em-suas-vidas\/"},"modified":"2017-05-31T11:09:41","modified_gmt":"2017-05-31T14:09:41","slug":"romaria-da-juventude-jovens-testemunham-a-unidade-e-acao-de-deus-em-suas-vidas","status":"publish","type":"post","link":"https:\/\/catolicanet.net\/wp-cnet\/romaria-da-juventude-jovens-testemunham-a-unidade-e-acao-de-deus-em-suas-vidas\/","title":{"rendered":"Romaria da Juventude: jovens testemunham a unidade e a\u00e7\u00e3o de Deus em suas vidas"},"content":{"rendered":"<p style=\"text-align: justify;\"><img decoding=\"async\" src=\"http:\/\/catolicanet.com.br\/images\/stories\/geral\/12932839_849765221800241_6509466078118638756_n.jpg\" border=\"0\" align=\"left\" \/>Um mosaico de express\u00f5es e formas de evangelizar e viver o Evangelho. Foi com este colorido que jovens do Brasil inteiro participaram da Romaria Nacional da Juventude, no Santu\u00e1rio Nacional de Aparecida, neste final de semana, e testemunham a a\u00e7\u00e3o de Deus em suas vidas.<\/p>\n<p>Ao falar sobre sua alegria em participar da Romaria, na casa da M\u00e3e Aparecida, o jovem Victor, de Vit\u00f3ria (ES), ressaltou que, antes da presen\u00e7a de Cristo em sua vida, considerava que um jovem n\u00e3o poderia ter uma vida e uma vida real: \u201cPude experimentar isso na Igreja. Tive um pai alco\u00f3latra que n\u00e3o me mostrava uma perspectiva de vida. Depois, comecei a participar no grupo da minha par\u00f3quia e vi que h\u00e1 vida\u201d.<\/p>\n<p>Talita Domenica \u00e9 da Comunidade Alian\u00e7a de Miseric\u00f3rdia, em S\u00e3o Paulo, e representa as novas comunidade na Coordena\u00e7\u00e3o da Pastoral Juvenil Nacional. Ela tamb\u00e9m participou do encontro e ressalta que a Igreja \u00e9 jovem: \u201cFoi um grande presente estar com a novas comunidades nessa Romaria e perceber a beleza dos diversos carismas reunidos num \u00fanico objetivo que \u00e9 mostrar a beleza da Igreja que tamb\u00e9m \u00e9 jovem\u201d.<\/p>\n<p>A programa\u00e7\u00e3o do evento contou com diversos momentos desde a manh\u00e3 do s\u00e1bado, 9, at\u00e9 a manh\u00e3 do domingo, 10: tendas #Rota300 e por bloco das express\u00f5es (Pastorais de Juventude, Novas Comunidades, Movimentos e Congrega\u00e7\u00f5es), onde aconteceram catequeses dos bispos, debates e momentos de louvor e anima\u00e7\u00e3o; Show de Evangeliza\u00e7\u00e3o organizado pelos padres Zezinho e Jo\u00e3ozinho, com a presen\u00e7a de cantores cat\u00f3licos; passagem pela Porta Santa do Ano da Miseric\u00f3rdia; vig\u00edlia durante toda a madrugada com a ora\u00e7\u00e3o do Santo Ter\u00e7o e Adora\u00e7\u00e3o ao Sant\u00edssimo; romaria ao som de trio el\u00e9trico; e Missa de encerramento com todos os bispos do Brasil.<\/p>\n<p style=\"text-align: justify;\"><img decoding=\"async\" src=\"http:\/\/catolicanet.com.br\/images\/stories\/geral\/1bb69df3-d00b-45d4-8223-85c8eca2eaa5.jpg\" border=\"0\" align=\"right\" \/>Cobertura do Jovens Conectados<\/p>\n<p style=\"text-align: justify;\">Da esquerda para direita: Camila, Rafael, Layla, Jo\u00e3o e Eduardo.<\/p>\n<p>Antes mesmo de come\u00e7ar a Romaria Nacional, o trabalho j\u00e1 era intenso na divulga\u00e7\u00e3o e preparativos da cobertura pela Equipe Jovem de Comunica\u00e7\u00e3o da CNBB \u2013 Jovens Conectados. E como enviados especiais, estavam presentes os membros da subequipe de Redes Sociais, Layla Kamila e Jo\u00e3o Rigobello, que fizeram cobertura e transmiss\u00f5es por meio do Grupo Aberto no Viber, Snapchat, Instagran, Facebook e Twitter.<\/p>\n<p>Confira no Facebook Conectado fotos e v\u00eddeos de toda a Romaria.<\/p>\n<p>A equipe contou ainda com a colabora\u00e7\u00e3o dos jovens Camila Ribeiro, Rafael Benedictus Costa, ambos de S\u00e3o Paulo (SP), e Eduardo Campos, de Bragan\u00e7a Paulista (SP).<\/p>\n<p>As romarias daqui pra frente<\/p>\n<p>Com a motiva\u00e7\u00e3o do lan\u00e7amento do Projeto #Rota300, no ano passado, durante a Assembleia Geral da CNBB, a Comiss\u00e3o Episcopal Pastoral para a Juventude e o Santu\u00e1rio Nacional promover\u00e3o em todos os anos a Romaria da Juventude.<\/p>\n<p>A ideia \u00e9 que aconte\u00e7a sempre no fim de semana da primeira semana da assembleia dos bispos, com o objetivo de aproximar a juventude do episcopado brasileiro.<\/p>\n<p>Por Gracielle Reis<\/p>\n<p style=\"text-align: justify;\">Fonte: Jovens Conectados<\/p>\n","protected":false},"excerpt":{"rendered":"<p>Um mosaico de express\u00f5es e formas de evangelizar e viver o Evangelho. Foi com este colorido que jovens do Brasil inteiro participaram da Romaria Nacional da Juventude, no Santu\u00e1rio Nacional de Aparecida, neste final de semana, e testemunham a a\u00e7\u00e3o de Deus em suas vidas. Ao falar sobre sua alegria em participar da Romaria, na [&hellip;]<\/p>\n","protected":false},"author":1,"featured_media":0,"comment_status":"open","ping_status":"open","sticky":false,"template":"","format":"standard","meta":{"footnotes":""},"categories":[4],"tags":[],"class_list":["post-14120","post","type-post","status-publish","format-standard","hentry","category-cotidiano"],"_links":{"self":[{"href":"https:\/\/catolicanet.net\/wp-cnet\/wp-json\/wp\/v2\/posts\/14120","targetHints":{"allow":["GET"]}}],"collection":[{"href":"https:\/\/catolicanet.net\/wp-cnet\/wp-json\/wp\/v2\/posts"}],"about":[{"href":"https:\/\/catolicanet.net\/wp-cnet\/wp-json\/wp\/v2\/types\/post"}],"author":[{"embeddable":true,"href":"https:\/\/catolicanet.net\/wp-cnet\/wp-json\/wp\/v2\/users\/1"}],"replies":[{"embeddable":true,"href":"https:\/\/catolicanet.net\/wp-cnet\/wp-json\/wp\/v2\/comments?post=14120"}],"version-history":[{"count":1,"href":"https:\/\/catolicanet.net\/wp-cnet\/wp-json\/wp\/v2\/posts\/14120\/revisions"}],"predecessor-version":[{"id":26190,"href":"https:\/\/catolicanet.net\/wp-cnet\/wp-json\/wp\/v2\/posts\/14120\/revisions\/26190"}],"wp:attachment":[{"href":"https:\/\/catolicanet.net\/wp-cnet\/wp-json\/wp\/v2\/media?parent=14120"}],"wp:term":[{"taxonomy":"category","embeddable":true,"href":"https:\/\/catolicanet.net\/wp-cnet\/wp-json\/wp\/v2\/categories?post=14120"},{"taxonomy":"post_tag","embeddable":true,"href":"https:\/\/catolicanet.net\/wp-cnet\/wp-json\/wp\/v2\/tags?post=14120"}],"curies":[{"name":"wp","href":"https:\/\/api.w.org\/{rel}","templated":true}]}}