{"id":14109,"date":"2016-04-11T17:38:34","date_gmt":"2016-04-11T20:38:34","guid":{"rendered":"http:\/\/catolicanet.net\/wp-cnet\/2016\/04\/11\/o-pesar-do-papa-pelas-vitimas-do-incendio-ocorrido-na-india\/"},"modified":"2017-06-02T11:29:45","modified_gmt":"2017-06-02T14:29:45","slug":"o-pesar-do-papa-pelas-vitimas-do-incendio-ocorrido-na-india","status":"publish","type":"post","link":"https:\/\/catolicanet.net\/wp-cnet\/o-pesar-do-papa-pelas-vitimas-do-incendio-ocorrido-na-india\/","title":{"rendered":"O pesar do Papa pelas v\u00edtimas do inc\u00eandio ocorrido na \u00cdndia"},"content":{"rendered":"<p style=\"text-align: justify;\"><img decoding=\"async\" src=\"http:\/\/catolicanet.com.br\/images\/stories\/geral\/epa2028796_articolo.jpg\" border=\"0\" align=\"left\" \/>O Papa Francisco \u201crecebeu com pesar a not\u00edcia do tr\u00e1gico inc\u00eandio ocorrido no Templo de Puttingal, em Paravoor, no Estado indiano de Kerala\u201d. Em uma mensagem assinada pelo Cardeal Secret\u00e1rio de Estado, Pietro Parolin, o Santo Padre envia \u201cas condol\u00eancias\u00a0 \u00e0s fam\u00edlias das v\u00edtimas e das pessoas feridas, rezando por todos aqueles que foram envolvidos nesta trag\u00e9dia e pelos agentes de socorro\u201d, que est\u00e3o trabalhando no local. Por fim o Pont\u00edfice invoca \u201csobre a na\u00e7\u00e3o a b\u00ean\u00e7\u00e3o divina de for\u00e7a e de paz.<\/p>\n<p>Trag\u00e9dia ocorreu na noite de s\u00e1bado<\/p>\n<p>O balan\u00e7o ainda provis\u00f3rio \u00e9 de 110 mortos e 350 feridos \u2013 muitos dos quais em condi\u00e7\u00f5es cr\u00edticas. O terr\u00edvel inc\u00eandio irrompeu no complexo do Templos de Puttingal, no povoado costeiro de Paravoor, no Estado de Kerala, \u00cdndia meridional. No templo era festejada a deusa Bhadrakali, com um espet\u00e1culo de fogos de artif\u00edcio, como \u00e9 tradi\u00e7\u00e3o. Este ano a queima de fogos n\u00e3o havia sido autorizada pelas autoridades de Kerala por motivos de seguran\u00e7a. Algumas fagulhas atingiram fogos estocados nas proximidades para outra festividade, o ano novo hindu\u00edsta, celebrado na pr\u00f3xima quinta-feira.<\/p>\n<p>Ajuda governamental<\/p>\n<p>No momento da trag\u00e9dia, dentro do templo transformado em uma gaiola de fogo, estima-se que estavam presentes cerca de tr\u00eas mil pessoas. O fogo j\u00e1 foi controlado e no momento equipes de socorro trabalham no local. O Primeiro Ministro indiano, Narenda Mori, que visitou o local da trag\u00e9dia, anunciou a entrega de 200 mil r\u00fapias \u00e0s fam\u00edlias que tiveram uma v\u00edtima e de 50 mil \u00e0queles que tiveram algum ferido no incidente.<\/p>\n<p style=\"text-align: justify;\">Fonte: R\u00e1dio Vaticano<\/p>\n","protected":false},"excerpt":{"rendered":"<p>O Papa Francisco \u201crecebeu com pesar a not\u00edcia do tr\u00e1gico inc\u00eandio ocorrido no Templo de Puttingal, em Paravoor, no Estado indiano de Kerala\u201d. Em uma mensagem assinada pelo Cardeal Secret\u00e1rio de Estado, Pietro Parolin, o Santo Padre envia \u201cas condol\u00eancias\u00a0 \u00e0s fam\u00edlias das v\u00edtimas e das pessoas feridas, rezando por todos aqueles que foram envolvidos [&hellip;]<\/p>\n","protected":false},"author":1,"featured_media":0,"comment_status":"open","ping_status":"open","sticky":false,"template":"","format":"standard","meta":{"footnotes":""},"categories":[3],"tags":[],"class_list":["post-14109","post","type-post","status-publish","format-standard","hentry","category-vaticano"],"_links":{"self":[{"href":"https:\/\/catolicanet.net\/wp-cnet\/wp-json\/wp\/v2\/posts\/14109","targetHints":{"allow":["GET"]}}],"collection":[{"href":"https:\/\/catolicanet.net\/wp-cnet\/wp-json\/wp\/v2\/posts"}],"about":[{"href":"https:\/\/catolicanet.net\/wp-cnet\/wp-json\/wp\/v2\/types\/post"}],"author":[{"embeddable":true,"href":"https:\/\/catolicanet.net\/wp-cnet\/wp-json\/wp\/v2\/users\/1"}],"replies":[{"embeddable":true,"href":"https:\/\/catolicanet.net\/wp-cnet\/wp-json\/wp\/v2\/comments?post=14109"}],"version-history":[{"count":1,"href":"https:\/\/catolicanet.net\/wp-cnet\/wp-json\/wp\/v2\/posts\/14109\/revisions"}],"predecessor-version":[{"id":28218,"href":"https:\/\/catolicanet.net\/wp-cnet\/wp-json\/wp\/v2\/posts\/14109\/revisions\/28218"}],"wp:attachment":[{"href":"https:\/\/catolicanet.net\/wp-cnet\/wp-json\/wp\/v2\/media?parent=14109"}],"wp:term":[{"taxonomy":"category","embeddable":true,"href":"https:\/\/catolicanet.net\/wp-cnet\/wp-json\/wp\/v2\/categories?post=14109"},{"taxonomy":"post_tag","embeddable":true,"href":"https:\/\/catolicanet.net\/wp-cnet\/wp-json\/wp\/v2\/tags?post=14109"}],"curies":[{"name":"wp","href":"https:\/\/api.w.org\/{rel}","templated":true}]}}