{"id":14075,"date":"2016-04-07T14:26:07","date_gmt":"2016-04-07T17:26:07","guid":{"rendered":"http:\/\/catolicanet.net\/wp-cnet\/2016\/04\/07\/papa-santos-e-martires-de-hoje-levam-a-igreja-adiante\/"},"modified":"2017-06-02T13:49:35","modified_gmt":"2017-06-02T16:49:35","slug":"papa-santos-e-martires-de-hoje-levam-a-igreja-adiante","status":"publish","type":"post","link":"https:\/\/catolicanet.net\/wp-cnet\/papa-santos-e-martires-de-hoje-levam-a-igreja-adiante\/","title":{"rendered":"Papa: santos e m\u00e1rtires de hoje levam a Igreja adiante"},"content":{"rendered":"<p style=\"text-align: justify;\"><img decoding=\"async\" src=\"http:\/\/catolicanet.com.br\/images\/stories\/geral\/ossrom103461_articolo.jpg\" border=\"0\" align=\"left\" \/>S\u00e3o os santos da vida ordin\u00e1ria e os m\u00e1rtires de hoje que levam a Igreja adiante com a coer\u00eancia e o corajoso testemunho de Jesus ressuscitado, gra\u00e7as \u00e0 obra do Esp\u00edrito Santo: foi o que disse, em s\u00edntese, o Papa Francisco na homilia da Missa celebrada na manh\u00e3 desta quinta-feira (07\/04) na Casa Santa Marta.<\/p>\n<p>A primeira leitura, extra\u00edda dos Atos dos Ap\u00f3stolos, fala da coragem de Pedro que, depois da cura do paral\u00edtico, anuncia a Ressurrei\u00e7\u00e3o de Jesus diante dos chefes do Sin\u00e9drio que, furiosos, queriam mat\u00e1-lo.<\/p>\n<p>Ele foi proibido de pregar em nome de Jesus, mas continuou a proclamar o Evangelho porque \u2013 afirma \u2013 \u201c\u00e9 preciso obedecer a Deus e n\u00e3o aos homens\u201d. Este Pedro \u201ccorajoso\u201d \u2013 disse o Papa Francisco \u2013 n\u00e3o tem nada a ver com o \u201cPedro covarde\u201d da noite da Quinta-feira Santa, \u201cquando, repleto de medo, renega o Senhor tr\u00eas vezes\u201d. Agora, Pedro se tornou forte no testemunho. \u201cO testemunho crist\u00e3o \u2013 observou o Papa \u2013 tem o mesmo caminho de Jesus: dar a vida\u201d. Num modo ou no outro, o crist\u00e3o \u201ccoloca a vida em jogo no verdadeiro testemunho\u201d:<\/p>\n<p>Coer\u00eancia crist\u00e3<\/p>\n<p>\u201cA coer\u00eancia entre a vida e aquilo que vimos e ouvimos \u00e9 justamente o in\u00edcio do testemunho. Mas o testemunho crist\u00e3o tem outro aspecto, n\u00e3o \u00e9 somente de quem o d\u00e1: o testemunho crist\u00e3o, sempre, \u00e9 feito por duas pessoas. \u2018E desses fatos somos testemunhas n\u00f3s e o Esp\u00edrito Santo\u2019. Sem o Esp\u00edrito Santo n\u00e3o h\u00e1 testemunho crist\u00e3o. Porque o testemunho crist\u00e3o, a vida crist\u00e3 \u00e9 uma gra\u00e7a, \u00e9 uma gra\u00e7a que o Senhor nos d\u00e1 com o Esp\u00edrito Santo\u201d. <\/p>\n<p>\u201cSem o Esp\u00edrito\u201d, ressalta o Papa, \u201cn\u00e3o conseguimos ser testemunhas\u201d. A testemunha \u00e9 aquele que \u00e9 \u201ccoerente com aquilo que diz, com o que faz e com o que recebeu, ou seja, o Esp\u00edrito Santo\u201d. \u201cEsta \u00e9 a coragem crist\u00e3, este \u00e9 o testemunho\u201d:<\/p>\n<p>M\u00e1rtires<\/p>\n<p>\u201c\u00c9 o testemunho de nossos m\u00e1rtires hoje. Muitos, expulsos de suas terras, deslocados, decapitados e perseguidos, t\u00eam a coragem de confessar Jesus at\u00e9 o momento da morte. \u00c9 o testemunho daqueles crist\u00e3os que vivem sua vida seriamente e dizem: \u2018Eu n\u00e3o posso fazer isto, eu n\u00e3o posso fazer o mal ao outro; eu n\u00e3o posso trapacear; eu n\u00e3o posso conduzir uma vida pela metade, eu devo dar o meu testemunho\u2019. E o testemunho \u00e9 dizer o que viu e ouviu na f\u00e9, ou seja, Jesus Ressuscitado, com o Esp\u00edrito Santo que recebeu como dom.\u201d<\/p>\n<p>\u201cNos momentos dif\u00edceis da hist\u00f3ria\u201d, sublinha o Papa, se ouve dizer que \u201ca p\u00e1tria precisa de her\u00f3is. Isso \u00e9 verdade. \u00c9 justo\u201d. Mas do que a Igreja precisa hoje? De testemunhas, de m\u00e1rtires\u201d:<\/p>\n<p>\u201cS\u00e3o as testemunhas, ou seja, os santos, os santos de todos os dias, os da vida cotidiana, mas com coer\u00eancia, e tamb\u00e9m as testemunhas at\u00e9 o fim, at\u00e9 a morte. Estes s\u00e3o o sangue vivo da Igreja; estes s\u00e3o aqueles que levam a Igreja adiante, as testemunhas; aqueles que atestam que Jesus ressuscitou, que Jesus est\u00e1 vivo, e o testemunham com a coer\u00eancia de vida e com o Esp\u00edrito Santo que receberam como dom.\u201d<\/p>\n<p style=\"text-align: justify;\">Fonte: R\u00e1dio Vaticano<\/p>\n","protected":false},"excerpt":{"rendered":"<p>S\u00e3o os santos da vida ordin\u00e1ria e os m\u00e1rtires de hoje que levam a Igreja adiante com a coer\u00eancia e o corajoso testemunho de Jesus ressuscitado, gra\u00e7as \u00e0 obra do Esp\u00edrito Santo: foi o que disse, em s\u00edntese, o Papa Francisco na homilia da Missa celebrada na manh\u00e3 desta quinta-feira (07\/04) na Casa Santa Marta. [&hellip;]<\/p>\n","protected":false},"author":1,"featured_media":0,"comment_status":"open","ping_status":"open","sticky":false,"template":"","format":"standard","meta":{"footnotes":""},"categories":[3],"tags":[],"class_list":["post-14075","post","type-post","status-publish","format-standard","hentry","category-vaticano"],"_links":{"self":[{"href":"https:\/\/catolicanet.net\/wp-cnet\/wp-json\/wp\/v2\/posts\/14075","targetHints":{"allow":["GET"]}}],"collection":[{"href":"https:\/\/catolicanet.net\/wp-cnet\/wp-json\/wp\/v2\/posts"}],"about":[{"href":"https:\/\/catolicanet.net\/wp-cnet\/wp-json\/wp\/v2\/types\/post"}],"author":[{"embeddable":true,"href":"https:\/\/catolicanet.net\/wp-cnet\/wp-json\/wp\/v2\/users\/1"}],"replies":[{"embeddable":true,"href":"https:\/\/catolicanet.net\/wp-cnet\/wp-json\/wp\/v2\/comments?post=14075"}],"version-history":[{"count":1,"href":"https:\/\/catolicanet.net\/wp-cnet\/wp-json\/wp\/v2\/posts\/14075\/revisions"}],"predecessor-version":[{"id":28515,"href":"https:\/\/catolicanet.net\/wp-cnet\/wp-json\/wp\/v2\/posts\/14075\/revisions\/28515"}],"wp:attachment":[{"href":"https:\/\/catolicanet.net\/wp-cnet\/wp-json\/wp\/v2\/media?parent=14075"}],"wp:term":[{"taxonomy":"category","embeddable":true,"href":"https:\/\/catolicanet.net\/wp-cnet\/wp-json\/wp\/v2\/categories?post=14075"},{"taxonomy":"post_tag","embeddable":true,"href":"https:\/\/catolicanet.net\/wp-cnet\/wp-json\/wp\/v2\/tags?post=14075"}],"curies":[{"name":"wp","href":"https:\/\/api.w.org\/{rel}","templated":true}]}}