{"id":14063,"date":"2016-04-06T14:27:44","date_gmt":"2016-04-06T17:27:44","guid":{"rendered":"http:\/\/catolicanet.net\/wp-cnet\/2016\/04\/06\/5-bons-motivos-para-rezar-o-terco-da-divina-misericordia\/"},"modified":"2017-05-31T11:13:07","modified_gmt":"2017-05-31T14:13:07","slug":"5-bons-motivos-para-rezar-o-terco-da-divina-misericordia","status":"publish","type":"post","link":"https:\/\/catolicanet.net\/wp-cnet\/5-bons-motivos-para-rezar-o-terco-da-divina-misericordia\/","title":{"rendered":"5 bons motivos para rezar o Ter\u00e7o da Divina Miseric\u00f3rdia"},"content":{"rendered":"<p style=\"text-align: justify;\"><img decoding=\"async\" src=\"http:\/\/catolicanet.com.br\/images\/stories\/geral\/mercy.jpg\" border=\"0\" align=\"left\" \/>1. Jesus nos pede para rez\u00e1-lo<\/p>\n<p>Jesus apareceu a Santa Maria Faustina Kowalska, religiosa polonesa (1905-1938) e lhe pediu que desse a conhecer a miseric\u00f3rdia divina, atrav\u00e9s de tr\u00eas meios:<\/p>\n<p>\u2013 A imagem com a inscri\u00e7\u00e3o: \u201cJesus, eu confio em V\u00f3s\u201d. Ele disse: \u201cPrometo que a alma que venerar esta imagem n\u00e3o perecer\u00e1\u201d (Di\u00e1rio, 48)<\/p>\n<p>\u2013 A festa da Divina Miseric\u00f3rdia, no 2\u00ba Domingo de P\u00e1scoa. Jesus disse: \u201cDesejo que a Festa da Miseric\u00f3rdia seja ref\u00fagio e abrigo para todas as almas, especialmente para os pecadores. (\u2026). Derramo todo um mar de gra\u00e7as sobre as almas que se aproximam da fonte da Minha miseric\u00f3rdia. A alma que se confessar e comungar alcan\u00e7ar\u00e1 o perd\u00e3o das culpas e das penas\u201d (699).<\/p>\n<p>\u2013 Uma ora\u00e7\u00e3o que Ele ditou, chamada \u201cTer\u00e7o da Divina Miseric\u00f3rdia\u201d.<\/p>\n<p>2. Recebemos gra\u00e7as extraordin\u00e1rias<\/p>\n<p>Jesus disse: \u201cOh! que grandes gra\u00e7as concederei \u00e0s almas que recitarem esse Ter\u00e7o\u201d (848).<\/p>\n<p>\u201cTodo aquele que o recitar alcan\u00e7ar\u00e1 grande miseric\u00f3rdia na hora da sua morte. Os sacerdotes o recomendar\u00e3o aos pecadores como a \u00faltima t\u00e1bua de salva\u00e7\u00e3o. Ainda que o pecador seja o mais endurecido, se recitar este Ter\u00e7o uma s\u00f3 vez, alcan\u00e7ar\u00e1 a gra\u00e7a da Minha infinita miseric\u00f3rdia\u201d (687).<\/p>\n<p>Prometeu: \u201cDefendo toda alma que recitar esse ter\u00e7o na hora da morte, como se fosse a Minha pr\u00f3pria gl\u00f3ria (\u2026) Quando recitam esse ter\u00e7o junto a um agonizante, aplaca-se a ira de Deus, a miseric\u00f3rdia insond\u00e1vel envolve a alma\u201d (811).<\/p>\n<p>3. O Papa Francisco o recomenda<\/p>\n<p>No 2\u00ba Domingo da Quaresma, o Papa mandou distribu\u00edrem aos fi\u00e9is da Pra\u00e7a de S\u00e3o Pedro o \u201cMisericordina\u201d, o rem\u00e9dio da miseric\u00f3rdia: uma caixinha com a imagem do Senhor da Divina Miseric\u00f3rdia, a explica\u00e7\u00e3o do Ter\u00e7o da Divina Miseric\u00f3rdia e um ter\u00e7o para rez\u00e1-lo.<br \/>Misericordina<\/p>\n<p>Em sua carta apost\u00f3lica \u201cO rosto da Miseric\u00f3rdia\u201d, o Papa chama Santa Faustina de \u201cgrande ap\u00f3stola da miseric\u00f3rdia e pede sua intercess\u00e3o. Neste jubileu da miseric\u00f3rdia, somos convidados a rezar diariamente o Ter\u00e7o da Miseric\u00f3rdia, preferencialmente \u00e0s 15h, que \u00e9 a hora da miseric\u00f3rdia, na qual Jesus deu sua vida por n\u00f3s.<\/p>\n<p>4. \u00c9 f\u00e1cil rezar o Ter\u00e7o da Miseric\u00f3rdia<\/p>\n<p>Jesus ensinou assim a Santa Faustina: se reza \u201ccom um ter\u00e7o comum, da seguinte maneira: primeiro rezar\u00e1s uma vez o Pai-Nosso, a Ave-Maria e o Credo. Depois, nas contas de Pai Nosso, dir\u00e1s as seguintes palavras: \u2018Eterno Pai, eu Vos ofere\u00e7o o Corpo e o Sangue, a Alma e a Divindade de Vosso dilet\u00edssimo Filho, Nosso Senhor Jesus Cristo, em expia\u00e7\u00e3o dos nossos pecados e dos do mundo inteiro\u2019. Nas contas de Ave Maria rezar\u00e1s as seguintes palavras: \u2018Pela Sua dolorosa Paix\u00e3o, tende miseric\u00f3rdia de n\u00f3s e do mundo inteiro\u2019. No fim, rezar\u00e1s tr\u00eas vezes estas palavras: \u2018Deus Santo, Deus Forte, Deus Imortal, tende piedade de n\u00f3s e do mundo inteiro\u2019\u2026\u201d (476).<\/p>\n<p>5. S\u00f3 demora 5 minutos<\/p>\n<p>Em um retiro com um grupo de seminaristas, eu os convidei a rezar comigo o Ter\u00e7o da Miseric\u00f3rdia \u00e0s 15h, e para motiv\u00e1-los, disse: \u201cS\u00f3 demora 5 minutos\u201d. Ao terminar, um deles comentou: \u201cEu olhei no rel\u00f3gio e, de fato, rezamos tudo em 5 minutos!\u201d.<\/p>\n<p>Que tempo t\u00e3o breve para gra\u00e7as t\u00e3o grandes!<\/p>\n<p>E voc\u00ea, vai perder esta oportunidade? O que est\u00e1 esperando?<\/p>\n<p style=\"text-align: justify;\">Fonte: Aleteia<\/p>\n","protected":false},"excerpt":{"rendered":"<p>1. Jesus nos pede para rez\u00e1-lo Jesus apareceu a Santa Maria Faustina Kowalska, religiosa polonesa (1905-1938) e lhe pediu que desse a conhecer a miseric\u00f3rdia divina, atrav\u00e9s de tr\u00eas meios: \u2013 A imagem com a inscri\u00e7\u00e3o: \u201cJesus, eu confio em V\u00f3s\u201d. Ele disse: \u201cPrometo que a alma que venerar esta imagem n\u00e3o perecer\u00e1\u201d (Di\u00e1rio, 48) [&hellip;]<\/p>\n","protected":false},"author":1,"featured_media":0,"comment_status":"open","ping_status":"open","sticky":false,"template":"","format":"standard","meta":{"footnotes":""},"categories":[4],"tags":[],"class_list":["post-14063","post","type-post","status-publish","format-standard","hentry","category-cotidiano"],"_links":{"self":[{"href":"https:\/\/catolicanet.net\/wp-cnet\/wp-json\/wp\/v2\/posts\/14063","targetHints":{"allow":["GET"]}}],"collection":[{"href":"https:\/\/catolicanet.net\/wp-cnet\/wp-json\/wp\/v2\/posts"}],"about":[{"href":"https:\/\/catolicanet.net\/wp-cnet\/wp-json\/wp\/v2\/types\/post"}],"author":[{"embeddable":true,"href":"https:\/\/catolicanet.net\/wp-cnet\/wp-json\/wp\/v2\/users\/1"}],"replies":[{"embeddable":true,"href":"https:\/\/catolicanet.net\/wp-cnet\/wp-json\/wp\/v2\/comments?post=14063"}],"version-history":[{"count":1,"href":"https:\/\/catolicanet.net\/wp-cnet\/wp-json\/wp\/v2\/posts\/14063\/revisions"}],"predecessor-version":[{"id":26205,"href":"https:\/\/catolicanet.net\/wp-cnet\/wp-json\/wp\/v2\/posts\/14063\/revisions\/26205"}],"wp:attachment":[{"href":"https:\/\/catolicanet.net\/wp-cnet\/wp-json\/wp\/v2\/media?parent=14063"}],"wp:term":[{"taxonomy":"category","embeddable":true,"href":"https:\/\/catolicanet.net\/wp-cnet\/wp-json\/wp\/v2\/categories?post=14063"},{"taxonomy":"post_tag","embeddable":true,"href":"https:\/\/catolicanet.net\/wp-cnet\/wp-json\/wp\/v2\/tags?post=14063"}],"curies":[{"name":"wp","href":"https:\/\/api.w.org\/{rel}","templated":true}]}}