{"id":14062,"date":"2016-04-06T14:09:23","date_gmt":"2016-04-06T17:09:23","guid":{"rendered":"http:\/\/catolicanet.net\/wp-cnet\/2016\/04\/06\/o-papa-francisco-se-encontrou-com-bernard-fellay-superior-dos-lefebvrianos\/"},"modified":"2017-05-31T11:13:07","modified_gmt":"2017-05-31T14:13:07","slug":"o-papa-francisco-se-encontrou-com-bernard-fellay-superior-dos-lefebvrianos","status":"publish","type":"post","link":"https:\/\/catolicanet.net\/wp-cnet\/o-papa-francisco-se-encontrou-com-bernard-fellay-superior-dos-lefebvrianos\/","title":{"rendered":"O papa Francisco se encontrou com Bernard Fellay, superior dos lefebvrianos"},"content":{"rendered":"<p style=\"text-align: justify;\"><img decoding=\"async\" src=\"http:\/\/catolicanet.com.br\/images\/stories\/geral\/vaticano1.jpg\" border=\"0\" align=\"left\" \/>Confirmada pela Santa S\u00e9, a reuni\u00e3o foi considerada \u201cpositiva\u201d e com \u201cbom entendimento\u201d<\/p>\n<p>No \u00faltimo s\u00e1bado, 30 de mar\u00e7o, o papa Francisco recebeu no Vaticano dom Bernard Fellay, superior geral e sucessor de dom Marcel Lefebvre na Sociedade de S\u00e3o Pio X. A not\u00edcia foi divulgada pelo jornal italiano Il Foglio e confirmada nesta manh\u00e3 pelo vice-diretor do Gabinete de Imprensa do Vaticano, Greg Burke.<\/p>\n<p>Em dezembro de 2013, o site Rorate Caeli tinha noticiado um encontro entre o papa e o superior geral em Santa Marta. Na realidade, foi uma breve sauda\u00e7\u00e3o no refeit\u00f3rio da casa vaticana onde mora o papa, durante uma visita a Roma do superior geral, a pedido da Comiss\u00e3o Ecclesia Dei.<\/p>\n<p>J\u00e1 a reuni\u00e3o deste s\u00e1bado foi uma conversa real entre Francisco e Fellay, decididamente \u201cpositiva\u201d, conforme relatado pelo jornal Il Foglio, que tamb\u00e9m fala de \u201cbom entendimento\u201d entre eles.<\/p>\n<p>O superior dos lefevbrianos, em recente entrevista publicada no site da fraternidade, se mostrava aberto ao di\u00e1logo e destacava o seu apre\u00e7o pelo pont\u00edfice. Disse Fellay:<\/p>\n<p>\u201cEu n\u00e3o ficaria surpreso se ele nos considerasse uma das periferias a que claramente dedica a sua prefer\u00eancia. Nessa perspectiva, ele usa a express\u00e3o \u2018fazer um percurso\u2019, esperando que se chegue a uma situa\u00e7\u00e3o melhor\u201d.<\/p>\n<p>Francisco j\u00e1 tinha realizado um gesto de proximidade ao conceder aos cat\u00f3licos a faculdade de confessar-se tamb\u00e9m com sacerdotes lefebvrianos durante o Jubileu. O Santo Padre disse ainda:<\/p>\n<p>\u201cEu confio que, no futuro pr\u00f3ximo, poder\u00e3o encontrar-se as solu\u00e7\u00f5es para recuperar a plena comunh\u00e3o com os sacerdotes e superiores da Fraternidade. Enquanto isso, movido pela necessidade de corresponder ao bem desses fi\u00e9is, por minha pr\u00f3pria disposi\u00e7\u00e3o estabele\u00e7o que, durante o Ano Santo da Miseric\u00f3rdia, aqueles que recorrerem ao Sacramento da Reconcilia\u00e7\u00e3o junto aos sacerdotes da Fraternidade S\u00e3o Pio X receber\u00e3o v\u00e1lida e licitamente a absolvi\u00e7\u00e3o dos seus pecados\u201d.<\/p>\n<p>A decis\u00e3o foi muito apreciada em Ec\u00f4ne, onde est\u00e1 sediada a fraternidade. Esta, em comunicado, expressou a sua gratid\u00e3o ao papa \u201cpor este gesto paternal\u201d. O encontro deste s\u00e1bado, segundo v\u00e1rios especialistas, \u00e9 mais um passo para o reconhecimento can\u00f4nico da fraternidade por parte da Santa S\u00e9. A forma seria a de uma prelatura estabelecida ad hoc, a exemplo do Opus Dei.<\/p>\n<p>Fundada pelo arcebispo franc\u00eas Marcel Lefebvre em 1970, em ruptura com as conclus\u00f5es do Conc\u00edlio Vaticano II, a Fraternidade Sacerdotal de S\u00e3o Pio X foi excomungada latae sententiae em 1988 por Jo\u00e3o Paulo II, quando Lefebvre consagrou quatro bispos em Ec\u00f4ne, entre eles o pr\u00f3prio Fellay.<\/p>\n<p>A excomunh\u00e3o foi revogada em janeiro de 2009 por Bento XVI, em gesto hist\u00f3rico voltado a iniciar um di\u00e1logo com os lefebvrianos a fim de se chegar, um dia, \u00e0 sua plena reintegra\u00e7\u00e3o.<\/p>\n<p>\u201cCom esta medida, no entanto, a Fraternidade ainda est\u00e1 em posi\u00e7\u00e3o irregular, porque n\u00e3o recebeu o reconhecimento can\u00f4nico da Santa S\u00e9\u201d, explica Guido Pozzo, secret\u00e1rio da Pontif\u00edcia Comiss\u00e3o Ecclesia Dei. Enquanto a fraternidade n\u00e3o tiver estatuto can\u00f4nico na Igreja, seus ministros n\u00e3o exercem de modo leg\u00edtimo o minist\u00e9rio e a celebra\u00e7\u00e3o dos sacramentos.<\/p>\n<p>Ap\u00f3s o levantamento da excomunh\u00e3o, come\u00e7ou uma s\u00e9rie de reuni\u00f5es entre especialistas da Congrega\u00e7\u00e3o para a Doutrina da F\u00e9 e da fraternidade para discutir e debater as quest\u00f5es doutrinais subjacentes \u00e0 controv\u00e9rsia com a Santa S\u00e9. Entre elas, principalmente, a rela\u00e7\u00e3o entre a tradi\u00e7\u00e3o e o magist\u00e9rio, o ecumenismo, o di\u00e1logo inter-religioso, a liberdade religiosa e a reforma lit\u00fargica no contexto do ensinamento do Vaticano II. \u201cEstes encontros, que duraram cerca de dois anos, tornaram poss\u00edvel esclarecer as posi\u00e7\u00f5es teol\u00f3gicas e destacar os pontos de converg\u00eancia e diverg\u00eancia\u201d, afirma Pozzo.<\/p>\n<p>Em 23 de setembro de 2014, dom Fellay e o cardeal Gerhard Ludwig M\u00fcller, prefeito da Congrega\u00e7\u00e3o para a Doutrina da F\u00e9, examinaram algumas quest\u00f5es doutrinais e can\u00f4nicas e estabeleceram proceder por etapas para superar as dificuldades e chegar \u00e0 plena reconcilia\u00e7\u00e3o.<\/p>\n<p style=\"text-align: justify;\">Fonte: Zenit<\/p>\n","protected":false},"excerpt":{"rendered":"<p>Confirmada pela Santa S\u00e9, a reuni\u00e3o foi considerada \u201cpositiva\u201d e com \u201cbom entendimento\u201d No \u00faltimo s\u00e1bado, 30 de mar\u00e7o, o papa Francisco recebeu no Vaticano dom Bernard Fellay, superior geral e sucessor de dom Marcel Lefebvre na Sociedade de S\u00e3o Pio X. A not\u00edcia foi divulgada pelo jornal italiano Il Foglio e confirmada nesta manh\u00e3 [&hellip;]<\/p>\n","protected":false},"author":1,"featured_media":0,"comment_status":"open","ping_status":"open","sticky":false,"template":"","format":"standard","meta":{"footnotes":""},"categories":[4],"tags":[],"class_list":["post-14062","post","type-post","status-publish","format-standard","hentry","category-cotidiano"],"_links":{"self":[{"href":"https:\/\/catolicanet.net\/wp-cnet\/wp-json\/wp\/v2\/posts\/14062","targetHints":{"allow":["GET"]}}],"collection":[{"href":"https:\/\/catolicanet.net\/wp-cnet\/wp-json\/wp\/v2\/posts"}],"about":[{"href":"https:\/\/catolicanet.net\/wp-cnet\/wp-json\/wp\/v2\/types\/post"}],"author":[{"embeddable":true,"href":"https:\/\/catolicanet.net\/wp-cnet\/wp-json\/wp\/v2\/users\/1"}],"replies":[{"embeddable":true,"href":"https:\/\/catolicanet.net\/wp-cnet\/wp-json\/wp\/v2\/comments?post=14062"}],"version-history":[{"count":1,"href":"https:\/\/catolicanet.net\/wp-cnet\/wp-json\/wp\/v2\/posts\/14062\/revisions"}],"predecessor-version":[{"id":26206,"href":"https:\/\/catolicanet.net\/wp-cnet\/wp-json\/wp\/v2\/posts\/14062\/revisions\/26206"}],"wp:attachment":[{"href":"https:\/\/catolicanet.net\/wp-cnet\/wp-json\/wp\/v2\/media?parent=14062"}],"wp:term":[{"taxonomy":"category","embeddable":true,"href":"https:\/\/catolicanet.net\/wp-cnet\/wp-json\/wp\/v2\/categories?post=14062"},{"taxonomy":"post_tag","embeddable":true,"href":"https:\/\/catolicanet.net\/wp-cnet\/wp-json\/wp\/v2\/tags?post=14062"}],"curies":[{"name":"wp","href":"https:\/\/api.w.org\/{rel}","templated":true}]}}