{"id":14053,"date":"2016-04-06T11:49:40","date_gmt":"2016-04-06T14:49:40","guid":{"rendered":"http:\/\/catolicanet.net\/wp-cnet\/2016\/04\/06\/jesus-e-o-senhor-da-historia-3\/"},"modified":"2017-05-08T14:29:21","modified_gmt":"2017-05-08T17:29:21","slug":"jesus-e-o-senhor-da-historia-3","status":"publish","type":"post","link":"https:\/\/catolicanet.net\/wp-cnet\/jesus-e-o-senhor-da-historia-3\/","title":{"rendered":"JESUS \u00c9 O SENHOR DA HIST\u00d3RIA"},"content":{"rendered":"<p style=\"text-align: justify;\">Na vis\u00e3o do cap\u00edtulo 5 do Apocalipse, o autor mostra \u00e0s comunidades que Jesus, por sua morte e ressurrei\u00e7\u00e3o, \u00e9 aquele que d\u00e1 sentido \u00e0 hist\u00f3ria. A hist\u00f3ria \u00e9 simbolizada pelo livro fechado com sete lacres (selos). A vit\u00f3ria de Jesus \u00e9 celebrada numa liturgia universal, que se inicia no c\u00e9u e ecoa por todo o mundo, tendo como lugar de conclus\u00e3o, novamente o c\u00e9u. Os louvores, cantados no c\u00e9u e na terra, visam suscitar esperan\u00e7a na comunidade reunida para celebra\u00e7\u00e3o e leitura do livro, levando-a a tomar consci\u00eancia da a\u00e7\u00e3o de Cristo em favor dos crist\u00e3os.<br \/>Os c\u00e2nticos atribuem a Cristo, morto e ressuscitado (Cordeiro), e s\u00f3 a Ele, o poder, a riqueza, a sabedoria, a for\u00e7a, a honra, a gl\u00f3ria. E o louvor. S\u00e3o sete (n\u00famero perfeito) atribui\u00e7\u00f5es. O reconhecimento alegre dos crist\u00e3os diante do que Jesus realizou em seu favor. S\u00f3 Ele \u00e9 merecedor dessas atribui\u00e7\u00f5es. Aplic\u00e1-las a outros \u2013 como se costumava fazer no imp\u00e9rio romano, onde o imperador era adorado como deus e recebia do povo esse reconhecimento \u2013 \u00e9, para as comunidades crist\u00e3s, idolatria, pois s\u00f3 quem d\u00e1 gratuitamente a vida, para resgatar da morte \u00e9 que deve ser louvado. <br \/>Enfim, os c\u00e2nticos atribuem a Deus (aquele que est\u00e1 sentado no trono) e ao Cordeiro, para sempre, os atributos do reconhecimento de sua a\u00e7\u00e3o: o louvor, a honra, a gl\u00f3ria e o poder.<br \/>A liturgia se encerra no c\u00e9u com um AM\u00c9M solene. Am\u00e9m significa: isto \u00e9 verdade. \u00c9 o reconhecimento de que Deus \u00e9 plenamente fiel (Am\u00e9m= fidelidade de Deus). O reconhecimento \u00e9 acompanhado de prostra\u00e7\u00e3o e adora\u00e7\u00e3o por parte dos Anci\u00e3os. Seu gesto \u00e9 um convite \u00e0s comunidades: a quem adorar? Basta olhar a caminhada das comunidades, descobrir por que pessoas tiveram a coragem de perder a vida e derramar seu sangue, para descobrir quem merece, de forma \u00fanica e exclusiva, reconhecimento e adora\u00e7\u00e3o,<br \/>O texto do Apocalipse suscita esperan\u00e7a e for\u00e7a para as comunidades tentadas de des\u00e2nimo diante das persegui\u00e7\u00f5es. Serve para cada um de n\u00f3s, quando enfrentamos as nossas dificuldades, no dia-a-dia, neste mundo que est\u00e1 se tornando t\u00e3o ca\u00f3tico. Neste momento cr\u00edtico de nosso pa\u00eds, de tantas divis\u00f5es e de m\u00faltiplas dificuldades pol\u00edticas e econ\u00f4micas tenhamos for\u00e7a e coragem de com Cristo vencermos o mal e viver a gra\u00e7a santificante. Daqui, aos p\u00e9s da Virgem Aparecida, ao iniciar a nossa 54\u00aa. Assembleia Geral da CNBB quero colocar o Brasil e a todos os meus leitores e amigos para que possamos caminhar com Maria ao encontro de Cristo para sermos misericordiosos como Pai o \u00e9. Rogai por n\u00f3s Santa M\u00e3e de Deus, para que sejamos dignos das promessas de Cristo, Am\u00e9m!<\/p>\n","protected":false},"excerpt":{"rendered":"<p>Na vis\u00e3o do cap\u00edtulo 5 do Apocalipse, o autor mostra \u00e0s comunidades que Jesus, por sua morte e ressurrei\u00e7\u00e3o, \u00e9 aquele que d\u00e1 sentido \u00e0 hist\u00f3ria. A hist\u00f3ria \u00e9 simbolizada pelo livro fechado com sete lacres (selos). A vit\u00f3ria de Jesus \u00e9 celebrada numa liturgia universal, que se inicia no c\u00e9u e ecoa por todo [&hellip;]<\/p>\n","protected":false},"author":10,"featured_media":0,"comment_status":"open","ping_status":"open","sticky":false,"template":"","format":"standard","meta":{"footnotes":""},"categories":[9],"tags":[],"class_list":["post-14053","post","type-post","status-publish","format-standard","hentry","category-artigos"],"_links":{"self":[{"href":"https:\/\/catolicanet.net\/wp-cnet\/wp-json\/wp\/v2\/posts\/14053","targetHints":{"allow":["GET"]}}],"collection":[{"href":"https:\/\/catolicanet.net\/wp-cnet\/wp-json\/wp\/v2\/posts"}],"about":[{"href":"https:\/\/catolicanet.net\/wp-cnet\/wp-json\/wp\/v2\/types\/post"}],"author":[{"embeddable":true,"href":"https:\/\/catolicanet.net\/wp-cnet\/wp-json\/wp\/v2\/users\/10"}],"replies":[{"embeddable":true,"href":"https:\/\/catolicanet.net\/wp-cnet\/wp-json\/wp\/v2\/comments?post=14053"}],"version-history":[{"count":1,"href":"https:\/\/catolicanet.net\/wp-cnet\/wp-json\/wp\/v2\/posts\/14053\/revisions"}],"predecessor-version":[{"id":21605,"href":"https:\/\/catolicanet.net\/wp-cnet\/wp-json\/wp\/v2\/posts\/14053\/revisions\/21605"}],"wp:attachment":[{"href":"https:\/\/catolicanet.net\/wp-cnet\/wp-json\/wp\/v2\/media?parent=14053"}],"wp:term":[{"taxonomy":"category","embeddable":true,"href":"https:\/\/catolicanet.net\/wp-cnet\/wp-json\/wp\/v2\/categories?post=14053"},{"taxonomy":"post_tag","embeddable":true,"href":"https:\/\/catolicanet.net\/wp-cnet\/wp-json\/wp\/v2\/tags?post=14053"}],"curies":[{"name":"wp","href":"https:\/\/api.w.org\/{rel}","templated":true}]}}