{"id":14049,"date":"2016-04-06T11:43:24","date_gmt":"2016-04-06T14:43:24","guid":{"rendered":"http:\/\/catolicanet.net\/wp-cnet\/2016\/04\/06\/pensamento-do-dia-86\/"},"modified":"2017-05-31T11:13:08","modified_gmt":"2017-05-31T14:13:08","slug":"pensamento-do-dia-86","status":"publish","type":"post","link":"https:\/\/catolicanet.net\/wp-cnet\/pensamento-do-dia-86\/","title":{"rendered":"Pensamento do dia"},"content":{"rendered":"<p style=\"text-align: justify;\">Deus usa de tanta miseric\u00f3rdia conosco. Aprendamos tamb\u00e9m n\u00f3s a usar de miseric\u00f3rdia com os outros, especialmente aqueles que sofrem.<\/p>\n<p>Papa Francisco<\/p>\n","protected":false},"excerpt":{"rendered":"<p>Deus usa de tanta miseric\u00f3rdia conosco. Aprendamos tamb\u00e9m n\u00f3s a usar de miseric\u00f3rdia com os outros, especialmente aqueles que sofrem. Papa Francisco<\/p>\n","protected":false},"author":1,"featured_media":0,"comment_status":"open","ping_status":"open","sticky":false,"template":"","format":"standard","meta":{"footnotes":""},"categories":[4],"tags":[],"class_list":["post-14049","post","type-post","status-publish","format-standard","hentry","category-cotidiano"],"_links":{"self":[{"href":"https:\/\/catolicanet.net\/wp-cnet\/wp-json\/wp\/v2\/posts\/14049","targetHints":{"allow":["GET"]}}],"collection":[{"href":"https:\/\/catolicanet.net\/wp-cnet\/wp-json\/wp\/v2\/posts"}],"about":[{"href":"https:\/\/catolicanet.net\/wp-cnet\/wp-json\/wp\/v2\/types\/post"}],"author":[{"embeddable":true,"href":"https:\/\/catolicanet.net\/wp-cnet\/wp-json\/wp\/v2\/users\/1"}],"replies":[{"embeddable":true,"href":"https:\/\/catolicanet.net\/wp-cnet\/wp-json\/wp\/v2\/comments?post=14049"}],"version-history":[{"count":1,"href":"https:\/\/catolicanet.net\/wp-cnet\/wp-json\/wp\/v2\/posts\/14049\/revisions"}],"predecessor-version":[{"id":26207,"href":"https:\/\/catolicanet.net\/wp-cnet\/wp-json\/wp\/v2\/posts\/14049\/revisions\/26207"}],"wp:attachment":[{"href":"https:\/\/catolicanet.net\/wp-cnet\/wp-json\/wp\/v2\/media?parent=14049"}],"wp:term":[{"taxonomy":"category","embeddable":true,"href":"https:\/\/catolicanet.net\/wp-cnet\/wp-json\/wp\/v2\/categories?post=14049"},{"taxonomy":"post_tag","embeddable":true,"href":"https:\/\/catolicanet.net\/wp-cnet\/wp-json\/wp\/v2\/tags?post=14049"}],"curies":[{"name":"wp","href":"https:\/\/api.w.org\/{rel}","templated":true}]}}