{"id":14042,"date":"2016-04-05T18:09:18","date_gmt":"2016-04-05T21:09:18","guid":{"rendered":"http:\/\/catolicanet.net\/wp-cnet\/2016\/04\/05\/marcha-pela-vida-ocupara-copacabana-no-dia-1o-de-maio-e-ao-som-da-banda-expresso-hg\/"},"modified":"2017-05-31T11:13:11","modified_gmt":"2017-05-31T14:13:11","slug":"marcha-pela-vida-ocupara-copacabana-no-dia-1o-de-maio-e-ao-som-da-banda-expresso-hg","status":"publish","type":"post","link":"https:\/\/catolicanet.net\/wp-cnet\/marcha-pela-vida-ocupara-copacabana-no-dia-1o-de-maio-e-ao-som-da-banda-expresso-hg\/","title":{"rendered":"Marcha pela Vida ocupar\u00e1 Copacabana no dia 1\u00ba de maio e ao som da banda Expresso HG"},"content":{"rendered":"<p style=\"text-align: justify;\"><img decoding=\"async\" src=\"http:\/\/catolicanet.com.br\/images\/stories\/geral\/marcha-pela-vida-768x768.jpg\" border=\"0\" align=\"left\" \/>A praia de Copacabana, no Rio de Janeiro, receber\u00e1 a 4\u00aa edi\u00e7\u00e3o da Marcha pela Vida contra o aborto, no pr\u00f3ximo dia 1\u00ba de maio, a partir de 14h. A concentra\u00e7\u00e3o ser\u00e1 em frente \u00e0 rua Miguel Lemos (esta\u00e7\u00e3o de metr\u00f4 Cantagalo) e a marcha seguir\u00e1 em dire\u00e7\u00e3o ao Leme.<\/p>\n<p>Em refer\u00eancia ao 1\u00ba de maio, a manifesta\u00e7\u00e3o organizada pelo Movimento Brasil sem Aborto trar\u00e1 como tema \u201cProtegendo o trabalhador do futuro\u201d. A expectativa \u00e9 reunir cinco mil pessoas, entre eles artistas, autoridades pol\u00edticas, representantes de diversas religi\u00f5es e lideran\u00e7as de movimentos sociais.<\/p>\n<p>\u201cQueremos construir um Brasil sem viol\u00eancia, sem aborto. Defendemos o direito de nascer que pertence a todos\u201d, afirmou a coordenadora estadual do movimento, Maria Jos\u00e9 da Silva. \u201cAs mulheres devem lutar pelo direito \u00e0 vida e pelo direito de ter seus filhos com dignidade\u201d.<\/p>\n<p>A cantora Elba Ramalho marcar\u00e1 presen\u00e7a, como em todos os anos. \u201cQuando uma mulher passa por um aborto, fica com marcas profundas no seu interior\u201d, conta. \u201cN\u00e3o podemos produzir a morte. O mundo precisa de pessoas que construam a vida, a paz, o bem, o bem comum\u201d, ressalta a cantora.<\/p>\n<p>A banda Expresso HG, que idealizou e comandou o Flash Mob da Jornada Mundial da Juventude, em Copacabana, para o Papa Francisco, tamb\u00e9m, confirmou presen\u00e7a na Marcha pela Vida. A m\u00fasica \u201cDireito de nascer lan\u00e7ada\u201d lan\u00e7ada pelo grupo com a participa\u00e7\u00e3o de diversos artistas j\u00e1 alcan\u00e7ou milh\u00f5es de pessoas no Brasil e no mundo, com o objetivo de promover a defesa e promo\u00e7\u00e3o da vida humana.<\/p>\n<p>O movimento tem como caracter\u00edstica ser suprapartid\u00e1rio e suprarreligioso e busca a uni\u00e3o e mobiliza\u00e7\u00e3o de todos os cidad\u00e3os que compreendem o valor da vida humana desde a sua concep\u00e7\u00e3o.<\/p>\n<p style=\"text-align: justify;\">Fonte: Jovens Conectados<\/p>\n","protected":false},"excerpt":{"rendered":"<p>A praia de Copacabana, no Rio de Janeiro, receber\u00e1 a 4\u00aa edi\u00e7\u00e3o da Marcha pela Vida contra o aborto, no pr\u00f3ximo dia 1\u00ba de maio, a partir de 14h. A concentra\u00e7\u00e3o ser\u00e1 em frente \u00e0 rua Miguel Lemos (esta\u00e7\u00e3o de metr\u00f4 Cantagalo) e a marcha seguir\u00e1 em dire\u00e7\u00e3o ao Leme. Em refer\u00eancia ao 1\u00ba de [&hellip;]<\/p>\n","protected":false},"author":1,"featured_media":0,"comment_status":"open","ping_status":"open","sticky":false,"template":"","format":"standard","meta":{"footnotes":""},"categories":[4],"tags":[],"class_list":["post-14042","post","type-post","status-publish","format-standard","hentry","category-cotidiano"],"_links":{"self":[{"href":"https:\/\/catolicanet.net\/wp-cnet\/wp-json\/wp\/v2\/posts\/14042","targetHints":{"allow":["GET"]}}],"collection":[{"href":"https:\/\/catolicanet.net\/wp-cnet\/wp-json\/wp\/v2\/posts"}],"about":[{"href":"https:\/\/catolicanet.net\/wp-cnet\/wp-json\/wp\/v2\/types\/post"}],"author":[{"embeddable":true,"href":"https:\/\/catolicanet.net\/wp-cnet\/wp-json\/wp\/v2\/users\/1"}],"replies":[{"embeddable":true,"href":"https:\/\/catolicanet.net\/wp-cnet\/wp-json\/wp\/v2\/comments?post=14042"}],"version-history":[{"count":1,"href":"https:\/\/catolicanet.net\/wp-cnet\/wp-json\/wp\/v2\/posts\/14042\/revisions"}],"predecessor-version":[{"id":26211,"href":"https:\/\/catolicanet.net\/wp-cnet\/wp-json\/wp\/v2\/posts\/14042\/revisions\/26211"}],"wp:attachment":[{"href":"https:\/\/catolicanet.net\/wp-cnet\/wp-json\/wp\/v2\/media?parent=14042"}],"wp:term":[{"taxonomy":"category","embeddable":true,"href":"https:\/\/catolicanet.net\/wp-cnet\/wp-json\/wp\/v2\/categories?post=14042"},{"taxonomy":"post_tag","embeddable":true,"href":"https:\/\/catolicanet.net\/wp-cnet\/wp-json\/wp\/v2\/tags?post=14042"}],"curies":[{"name":"wp","href":"https:\/\/api.w.org\/{rel}","templated":true}]}}