{"id":14039,"date":"2016-04-05T17:52:00","date_gmt":"2016-04-05T20:52:00","guid":{"rendered":"http:\/\/catolicanet.net\/wp-cnet\/2016\/04\/05\/secretario-geral-da-cnbb-apresenta-temas-da-54o-assembleia-geral-da-entidade\/"},"modified":"2017-05-26T16:09:26","modified_gmt":"2017-05-26T19:09:26","slug":"secretario-geral-da-cnbb-apresenta-temas-da-54o-assembleia-geral-da-entidade","status":"publish","type":"post","link":"https:\/\/catolicanet.net\/wp-cnet\/secretario-geral-da-cnbb-apresenta-temas-da-54o-assembleia-geral-da-entidade\/","title":{"rendered":"Secret\u00e1rio geral da CNBB apresenta temas da 54\u00aa Assembleia Geral da entidade"},"content":{"rendered":"<p style=\"text-align: justify;\"><img decoding=\"async\" src=\"http:\/\/catolicanet.com.br\/images\/stories\/geral\/banner54ag_interna.jpg\" border=\"0\" align=\"left\" \/>Dom Leonardo Steiner atende a imprensa \u00e0s 14h, no Centro de Eventos Padre Vitor Coelho de Almeida<\/p>\n<p>O bispo auxiliar de Bras\u00edlia (DF) e secret\u00e1rio geral da Confer\u00eancia Nacional dos Bispos do Brasil (CNBB), dom Leonardo Steiner, conceder\u00e1 entrevista coletiva \u00e0 imprensa nesta ter\u00e7a-feira, 5 de abril, \u00e0s 14h, no Centro de Eventos Padre Vitor Coelho de Almeida, no Santu\u00e1rio Nacional de Aparecida (SP).<\/p>\n<p>Dom Leonardo falar\u00e1 aos jornalistas sobre a programa\u00e7\u00e3o e os assuntos a serem abordados durante a 54\u00aa Assembleia Geral (AG) da CNBB, entre eles o tema central, \u201cCrist\u00e3os leigos e leigas na Igreja e na sociedade \u2013 Sal da terra e luz do mundo\u201d. Cerca de 320 bispos participar\u00e3o da reuni\u00e3o anual do episcopado brasileiro.<\/p>\n<p>A Assembleia Geral iniciar\u00e1 amanh\u00e3, 6 de abril, \u00e0s 7h30, com uma missa no Santu\u00e1rio Nacional de Aparecida. A cerim\u00f4nia de instala\u00e7\u00e3o da AG acontecer\u00e1 no mesmo dia, \u00e0s 9h15, no audit\u00f3rio do Centro de Eventos Padre V\u00edtor Coelho de Almeida. A Assembleia prosseguir\u00e1 at\u00e9 o dia 15 de abril.<\/p>\n<p>De acordo com o Estatuto da Confer\u00eancia, a Assembleia \u00e9 o \u00f3rg\u00e3o m\u00e1ximo da CNBB. \u00c9 a express\u00e3o e realiza\u00e7\u00e3o do afeto colegial, da comunh\u00e3o e corresponsabilidade dos \u201cPastores da Igreja no Brasil\u201d.<br \/>Servi\u00e7o<br \/>Coletiva de Imprensa<\/p>\n<p>Assunto: 54\u00aa Assembleia Geral da CNBB<\/p>\n<p>Presen\u00e7a:<\/p>\n<p>1.\u00a0\u00a0 Dom Leonardo Ulrich Steiner, bispo auxiliar de Bras\u00edlia (DF) e secret\u00e1rio geral da CNBB<\/p>\n<p>Data: ter\u00e7a-feira, 5 de abril\u00a0 de 2016<\/p>\n<p>Hora: 14h<\/p>\n<p>Informa\u00e7\u00f5es: (61) 2103-8313.<\/p>\n<p>Fonte: CNBB<\/p>\n","protected":false},"excerpt":{"rendered":"<p>Dom Leonardo Steiner atende a imprensa \u00e0s 14h, no Centro de Eventos Padre Vitor Coelho de Almeida O bispo auxiliar de Bras\u00edlia (DF) e secret\u00e1rio geral da Confer\u00eancia Nacional dos Bispos do Brasil (CNBB), dom Leonardo Steiner, conceder\u00e1 entrevista coletiva \u00e0 imprensa nesta ter\u00e7a-feira, 5 de abril, \u00e0s 14h, no Centro de Eventos Padre Vitor [&hellip;]<\/p>\n","protected":false},"author":1,"featured_media":0,"comment_status":"open","ping_status":"open","sticky":false,"template":"","format":"standard","meta":{"footnotes":""},"categories":[7],"tags":[],"class_list":["post-14039","post","type-post","status-publish","format-standard","hentry","category-cnbb"],"_links":{"self":[{"href":"https:\/\/catolicanet.net\/wp-cnet\/wp-json\/wp\/v2\/posts\/14039","targetHints":{"allow":["GET"]}}],"collection":[{"href":"https:\/\/catolicanet.net\/wp-cnet\/wp-json\/wp\/v2\/posts"}],"about":[{"href":"https:\/\/catolicanet.net\/wp-cnet\/wp-json\/wp\/v2\/types\/post"}],"author":[{"embeddable":true,"href":"https:\/\/catolicanet.net\/wp-cnet\/wp-json\/wp\/v2\/users\/1"}],"replies":[{"embeddable":true,"href":"https:\/\/catolicanet.net\/wp-cnet\/wp-json\/wp\/v2\/comments?post=14039"}],"version-history":[{"count":1,"href":"https:\/\/catolicanet.net\/wp-cnet\/wp-json\/wp\/v2\/posts\/14039\/revisions"}],"predecessor-version":[{"id":23788,"href":"https:\/\/catolicanet.net\/wp-cnet\/wp-json\/wp\/v2\/posts\/14039\/revisions\/23788"}],"wp:attachment":[{"href":"https:\/\/catolicanet.net\/wp-cnet\/wp-json\/wp\/v2\/media?parent=14039"}],"wp:term":[{"taxonomy":"category","embeddable":true,"href":"https:\/\/catolicanet.net\/wp-cnet\/wp-json\/wp\/v2\/categories?post=14039"},{"taxonomy":"post_tag","embeddable":true,"href":"https:\/\/catolicanet.net\/wp-cnet\/wp-json\/wp\/v2\/tags?post=14039"}],"curies":[{"name":"wp","href":"https:\/\/api.w.org\/{rel}","templated":true}]}}