{"id":14033,"date":"2016-04-05T14:10:32","date_gmt":"2016-04-05T17:10:32","guid":{"rendered":"http:\/\/catolicanet.net\/wp-cnet\/2016\/04\/05\/francisco-cristaos-vivam-em-harmonia-nao-em-tranquilidade\/"},"modified":"2017-06-02T10:52:14","modified_gmt":"2017-06-02T13:52:14","slug":"francisco-cristaos-vivam-em-harmonia-nao-em-tranquilidade","status":"publish","type":"post","link":"https:\/\/catolicanet.net\/wp-cnet\/francisco-cristaos-vivam-em-harmonia-nao-em-tranquilidade\/","title":{"rendered":"Francisco: crist\u00e3os vivam em harmonia, n\u00e3o em tranquilidade"},"content":{"rendered":"<p style=\"text-align: justify;\"><img decoding=\"async\" src=\"http:\/\/catolicanet.com.br\/images\/stories\/geral\/ossrom103354_articolo.jpg\" border=\"0\" align=\"left\" \/>O Pont\u00edfice celebrou nesta ter\u00e7a-feira (05\/04), a missa matutina na capela da Casa Santa Marta, no Vaticano. E baseou a sua homilia, como habitualmente, nas leituras do dia.<\/p>\n<p>Um s\u00f3 cora\u00e7\u00e3o, uma s\u00f3 alma, nenhum pobre e bens distribu\u00eddos segundo as necessidades. Os sentimentos e o estilo de vida da primeira comunidade crist\u00e3 podem ser resumidos em uma \u00fanica palavra, segundo os Atos dos Ap\u00f3stolos: harmonia. <\/p>\n<p>A harmonia e seu inimigo<\/p>\n<p>Uma palavra sobre a qual \u00e9 preciso um consenso \u2013 afirma o Papa no in\u00edcio da homilia, porque n\u00e3o se trata de uma conc\u00f3rdia qualquer, mas de um dom do c\u00e9u para quem renasceu do Esp\u00edrito Santo, como os primeiros crist\u00e3os:<\/p>\n<p>\u201cN\u00f3s podemos fazer acordos, uma certa paz&#8230; mas a harmonia \u00e9 uma gra\u00e7a interior que somente o Esp\u00edrito Santo pode promover. E estas comunidades viviam em harmonia, e os sinais da harmonia s\u00e3o dois: ningu\u00e9m fica na necessidade, porque tudo era em comum. Em que sentido? Tinham um s\u00f3 cora\u00e7\u00e3o, uma s\u00f3 alma e ningu\u00e9m considerava o que lhe pertencia como propriedade, porque tudo era em comum. Ningu\u00e9m deles era carente. A verdadeira \u2018harmonia\u2019 do Esp\u00edrito Santo tem uma rela\u00e7\u00e3o muito forte com o dinheiro: o dinheiro \u00e9 inimigo da harmonia; o dinheiro \u00e9 ego\u00edsta e, por isso, todos davam o que tinham para que n\u00e3o faltasse nada a ningu\u00e9m\u201d.<\/p>\n<p>Harmonia n\u00e3o \u00e9 tranquilidade <\/p>\n<p>O Papa se det\u00e9m sobre este aspecto e repete o exemplo virtuoso oferecido pelo trecho dos Atos, o de Barnab\u00e9, que vende sua terra e entrega o dinheiro aos Ap\u00f3stolos. No entanto, os vers\u00edculos seguintes, n\u00e3o inclu\u00eddos na leitura do dia, prop\u00f5em outro epis\u00f3dio, oposto ao primeiro, que Francisco cita: o de Ananias e Safira, um casal que finge dar o arrecadado com venda de suas terras, mas na realidade ret\u00e9m uma parte do dinheiro; uma escolha que para eles ter\u00e1 um pre\u00e7o muito amargo, a morte. Deus e o dinheiro s\u00e3o dois patr\u00f5es \u201ccujo servi\u00e7o \u00e9 irreconcili\u00e1vel\u201d, repete Francisco, que logo depois esclarece tamb\u00e9m o equ\u00edvoco que pode surgir sobre o conceito de \u2018harmonia\u2019. N\u00e3o se trata \u2013 afirma \u2013 de \u2018tranquilidade\u2019. <\/p>\n<p>\u201cUma comunidade pode ser muito tranquila, em que tudo vai bem: tudo funciona\u2026 Mas n\u00e3o est\u00e1 em harmonia. Uma vez, ouvi dizer de um bispo algo muito s\u00e1bio: \u2018Na diocese h\u00e1 tranquilidade. Mas se voc\u00ea tocar um problema, ou este ou aquele outro problema, logo come\u00e7a a guerra\u2019. Esta seria uma harmonia negociada, e esta n\u00e3o \u00e9 a do Esp\u00edrito Santo. \u00c9 uma harmonia \u2013 digamos \u2013 hip\u00f3crita, como aquela de Ananias e Safira com aquilo que fizeram\u201d.<\/p>\n<p>O Esp\u00edrito e a coragem<\/p>\n<p>Francisco conclui convidando \u00e0 releitura dos Atos dos Ap\u00f3stolos sobre os primeiros crist\u00e3os e sua vida em comum. \u201cNos far\u00e1 bem\u201d, disse ele, para entender como testemunhar a novidade em todos os ambientes em que se vive. Consciente de que, assim como para a harmonia, tamb\u00e9m no empenho do an\u00fancio se colhe o sinal de outro dom:<\/p>\n<p>\u201cA harmonia do Esp\u00edrito Santo nos d\u00e1 esta generosidade de n\u00e3o ter nada pr\u00f3prio enquanto h\u00e1 algu\u00e9m necessitado. A harmonia do Esp\u00edrito Santo nos d\u00e1 uma segunda postura: \u2018Com grande for\u00e7a, os ap\u00f3stolos davam testemunho da Ressurrei\u00e7\u00e3o do Senhor Jesus, e todos regojizavam de grande favor\u2019, isto \u00e9, de coragem. Quando existe harmonia na Igreja, na comunidade, existe coragem, a coragem de testemunhar o Senhor Ressuscitado\u201d.<\/p>\n<p>Fonte: R\u00e1dio Vaticano<\/p>\n","protected":false},"excerpt":{"rendered":"<p>O Pont\u00edfice celebrou nesta ter\u00e7a-feira (05\/04), a missa matutina na capela da Casa Santa Marta, no Vaticano. E baseou a sua homilia, como habitualmente, nas leituras do dia. Um s\u00f3 cora\u00e7\u00e3o, uma s\u00f3 alma, nenhum pobre e bens distribu\u00eddos segundo as necessidades. Os sentimentos e o estilo de vida da primeira comunidade crist\u00e3 podem ser [&hellip;]<\/p>\n","protected":false},"author":1,"featured_media":0,"comment_status":"open","ping_status":"open","sticky":false,"template":"","format":"standard","meta":{"footnotes":""},"categories":[3],"tags":[],"class_list":["post-14033","post","type-post","status-publish","format-standard","hentry","category-vaticano"],"_links":{"self":[{"href":"https:\/\/catolicanet.net\/wp-cnet\/wp-json\/wp\/v2\/posts\/14033","targetHints":{"allow":["GET"]}}],"collection":[{"href":"https:\/\/catolicanet.net\/wp-cnet\/wp-json\/wp\/v2\/posts"}],"about":[{"href":"https:\/\/catolicanet.net\/wp-cnet\/wp-json\/wp\/v2\/types\/post"}],"author":[{"embeddable":true,"href":"https:\/\/catolicanet.net\/wp-cnet\/wp-json\/wp\/v2\/users\/1"}],"replies":[{"embeddable":true,"href":"https:\/\/catolicanet.net\/wp-cnet\/wp-json\/wp\/v2\/comments?post=14033"}],"version-history":[{"count":1,"href":"https:\/\/catolicanet.net\/wp-cnet\/wp-json\/wp\/v2\/posts\/14033\/revisions"}],"predecessor-version":[{"id":27992,"href":"https:\/\/catolicanet.net\/wp-cnet\/wp-json\/wp\/v2\/posts\/14033\/revisions\/27992"}],"wp:attachment":[{"href":"https:\/\/catolicanet.net\/wp-cnet\/wp-json\/wp\/v2\/media?parent=14033"}],"wp:term":[{"taxonomy":"category","embeddable":true,"href":"https:\/\/catolicanet.net\/wp-cnet\/wp-json\/wp\/v2\/categories?post=14033"},{"taxonomy":"post_tag","embeddable":true,"href":"https:\/\/catolicanet.net\/wp-cnet\/wp-json\/wp\/v2\/tags?post=14033"}],"curies":[{"name":"wp","href":"https:\/\/api.w.org\/{rel}","templated":true}]}}