{"id":14030,"date":"2016-04-05T13:32:54","date_gmt":"2016-04-05T16:32:54","guid":{"rendered":"http:\/\/catolicanet.net\/wp-cnet\/2016\/04\/05\/madre-teresa-escreveu-o-evangelho-com-a-vida\/"},"modified":"2017-05-08T14:36:12","modified_gmt":"2017-05-08T17:36:12","slug":"madre-teresa-escreveu-o-evangelho-com-a-vida","status":"publish","type":"post","link":"https:\/\/catolicanet.net\/wp-cnet\/madre-teresa-escreveu-o-evangelho-com-a-vida\/","title":{"rendered":"Madre Teresa escreveu o Evangelho com a vida"},"content":{"rendered":"<p style=\"text-align: justify;\">Na Solenidade da Anuncia\u00e7\u00e3o do Senhor, neste ano celebrado na data (04\/04\/2016), o Papa Francisco declarou que a hist\u00f3ria da humanidade foi feita de uma \u201ccorrente de sim a Deus, \u00e0 esperan\u00e7a do Senhor\u201d, a partir de Abra\u00e3o e Mois\u00e9s, destacando entre outros pontos que, na Eucaristia da Solenidade da Anuncia\u00e7\u00e3o do Senhor, que no \u2018sim\u2019 de Maria se \u201cencontra o sim de toda a Hist\u00f3ria da Salva\u00e7\u00e3o\u201d, fazendo-nos recordar o sim did\u00e1tico e consequente de Madre Teresa: \u201cO importante n\u00e3o \u00e9 o que se d\u00e1, mas o amor com que se d\u00e1\u201d.<\/p>\n<p>J\u00e1 no dia anterior, O Romano Pont\u00edfice, na missa na Pra\u00e7a de S\u00e3o Pedro, deixou a seguinte mensagem do II Domingo da P\u00e1scoa e festa da Divina Miseric\u00f3rdia: \u201cEscrever o Evangelho com gestos concretos de amor e de miseric\u00f3rdia; nem tudo foi escrito e que permanece um livro aberto, onde continuar a escrever os sinais dos disc\u00edpulos de Cristo, gestos concretos de amor, que s\u00e3o o testemunho melhor da miseric\u00f3rdia. Somos todos chamados a tornarmo-nos escritores vivos do Evangelho\u201d. Conven\u00e7amos-nos que \u00e9 sempre poss\u00edvel dizer sim, escrevendo o Evangelho com nossas atitudes, que na assertiva de Madre Teresa: \u201cO que eu fa\u00e7o \u00e9 uma gota no meio de um oceano. Mas, sem ela, o oceano ser\u00e1 menor\u201d.<\/p>\n<p>Quando o Santo Padre anunciou a Canoniza\u00e7\u00e3o da Madre Teresa de Calcut\u00e1, aos 15 de mar\u00e7o de 2016, compreende-se ainda mais o sentido de instaurar o Reino de Deus. Deus, no seu indiz\u00edvel mist\u00e9rio de amor, escolheu esta mulher de origem albanesa, para a vida religiosa, ao dizer sempre sim, atrav\u00e9s dos gestos de caridade, em primeiro lugar aos empobrecidos da \u00cdndia, procurando com for\u00e7a a escrever o Evangelho de Jesus de Nazar\u00e9, o livro aberto do qual nos fala o Santo Padre. Madre Teresa n\u00e3o s\u00f3 o escreveu, mas rigorosamente procurou viv\u00ea-lo em toda a sua plenitude, nos incont\u00e1veis gestos de amor para com os pobres mais pobres. <\/p>\n<p>Portanto, a canoniza\u00e7\u00e3o de Madre Teresa, agendada para o dia 4 de setembro de 2016, por ocasi\u00e3o do 19\u00ba anivers\u00e1rio de sua morte \u00e9 causa de grande alegria e j\u00fabilo para o mundo crist\u00e3o, por se tratar de uma figura humana n\u00e3o s\u00f3 referencial, mas totalmente identificada e configurada com o Filho de Deus, que se fez pobre e obediente, at\u00e9 \u00e0 morte e morte de cruz. Quando ela afirma: \u201c\u00c9 f\u00e1cil amar os que est\u00e3o longe, mas nem sempre \u00e9 f\u00e1cil amar os que vivem ao nosso lado\u201d, ensina-nos em profundidade o verdadeiro amor.<\/p>\n","protected":false},"excerpt":{"rendered":"<p>Na Solenidade da Anuncia\u00e7\u00e3o do Senhor, neste ano celebrado na data (04\/04\/2016), o Papa Francisco declarou que a hist\u00f3ria da humanidade foi feita de uma \u201ccorrente de sim a Deus, \u00e0 esperan\u00e7a do Senhor\u201d, a partir de Abra\u00e3o e Mois\u00e9s, destacando entre outros pontos que, na Eucaristia da Solenidade da Anuncia\u00e7\u00e3o do Senhor, que no [&hellip;]<\/p>\n","protected":false},"author":6,"featured_media":0,"comment_status":"open","ping_status":"open","sticky":false,"template":"","format":"standard","meta":{"footnotes":""},"categories":[9],"tags":[],"class_list":["post-14030","post","type-post","status-publish","format-standard","hentry","category-artigos"],"_links":{"self":[{"href":"https:\/\/catolicanet.net\/wp-cnet\/wp-json\/wp\/v2\/posts\/14030","targetHints":{"allow":["GET"]}}],"collection":[{"href":"https:\/\/catolicanet.net\/wp-cnet\/wp-json\/wp\/v2\/posts"}],"about":[{"href":"https:\/\/catolicanet.net\/wp-cnet\/wp-json\/wp\/v2\/types\/post"}],"author":[{"embeddable":true,"href":"https:\/\/catolicanet.net\/wp-cnet\/wp-json\/wp\/v2\/users\/6"}],"replies":[{"embeddable":true,"href":"https:\/\/catolicanet.net\/wp-cnet\/wp-json\/wp\/v2\/comments?post=14030"}],"version-history":[{"count":1,"href":"https:\/\/catolicanet.net\/wp-cnet\/wp-json\/wp\/v2\/posts\/14030\/revisions"}],"predecessor-version":[{"id":21611,"href":"https:\/\/catolicanet.net\/wp-cnet\/wp-json\/wp\/v2\/posts\/14030\/revisions\/21611"}],"wp:attachment":[{"href":"https:\/\/catolicanet.net\/wp-cnet\/wp-json\/wp\/v2\/media?parent=14030"}],"wp:term":[{"taxonomy":"category","embeddable":true,"href":"https:\/\/catolicanet.net\/wp-cnet\/wp-json\/wp\/v2\/categories?post=14030"},{"taxonomy":"post_tag","embeddable":true,"href":"https:\/\/catolicanet.net\/wp-cnet\/wp-json\/wp\/v2\/tags?post=14030"}],"curies":[{"name":"wp","href":"https:\/\/api.w.org\/{rel}","templated":true}]}}