{"id":14027,"date":"2016-04-05T13:25:22","date_gmt":"2016-04-05T16:25:22","guid":{"rendered":"http:\/\/catolicanet.net\/wp-cnet\/2016\/04\/05\/os-fieis-leigos-e-leigas-na-igreja\/"},"modified":"2017-05-08T14:37:12","modified_gmt":"2017-05-08T17:37:12","slug":"os-fieis-leigos-e-leigas-na-igreja","status":"publish","type":"post","link":"https:\/\/catolicanet.net\/wp-cnet\/os-fieis-leigos-e-leigas-na-igreja\/","title":{"rendered":"Os fi\u00e9is leigos e leigas na Igreja"},"content":{"rendered":"<p style=\"text-align: justify;\">A 54\u00aa. Assembleia Geral da CNBB neste ano se volta para os leigos e leigas na Igreja e na Sociedade como \u201csal da terra e luz do mundo\u201d. (cf. Mt 5,13-14), pois sabe da real import\u00e2ncia deles dentro do Povo de Deus para a Igreja no Brasil em um tempo no qual, mais do que nunca, somos convocados a ser disc\u00edpulos e mission\u00e1rios de Jesus Cristo em todas as realidades e ambientes.<br \/>\u00c9 interessante notar como os temas retornam diante de novos desafios: a Exorta\u00e7\u00e3o Apost\u00f3lica Christifideles Laici (Os leigos crist\u00e3os), de S\u00e3o Jo\u00e3o Paulo II, publicada em 30 de dezembro de 1988, retoma e atualiza as grandes linhas sobre o laicato oferecidas pelo Conc\u00edlio Ecum\u00eanico Vaticano II (1962-1965). Pode-se dizer que as grandes linhas do documento, que merece leitura integral, s\u00e3o: 1) a participa\u00e7\u00e3o dos leigos na Igreja; 2) a corresponsabilidade mission\u00e1ria; 3) a administra\u00e7\u00e3o da multiforme gra\u00e7a de Deus; 4) a forma\u00e7\u00e3o para agir e, por fim, mas n\u00e3o menos importante, 5) a ora\u00e7\u00e3o.<br \/>1) A participa\u00e7\u00e3o dos leigos na Igreja n\u00e3o \u00e9, diga-se logo, uma realidade apenas dos campos sociol\u00f3gico ou psicol\u00f3gico, pois a Igreja \u00e9 o Corpo m\u00edstico de Cristo prolongado na hist\u00f3ria dos homens (cf. 1Cor 12,12-21; Cl 1,24). Ser crist\u00e3o \u00e9 estar unido a Cristo e em Cristo, bem como permanecer unido entre si na Igreja por meio do Esp\u00edrito Santo, que o Pai enviou a todos os batizados. Ora, essa vida eclesial comporta uma multiplicidade de minist\u00e9rios, carismas e responsabilidades.<br \/>Entende-se por minist\u00e9rio a participa\u00e7\u00e3o na pr\u00f3pria a\u00e7\u00e3o de Cristo. Todos os minist\u00e9rios s\u00e3o servi\u00e7os prestados ao Povo de Deus. Alguns deles decorrem do sacramento da Ordem e se reservam aos Bispos, Sacerdotes e Di\u00e1conos, j\u00e1 outros v\u00eam do pr\u00f3prio Batismo, Crisma ou Matrim\u00f4nio. Assim, os minist\u00e9rios de presidir a ora\u00e7\u00e3o lit\u00fargica (Celebra\u00e7\u00e3o da Palavra, hoje t\u00e3o importante em muitas de nossas realidades), distribuir extraordinariamente a Sagrada Eucaristia, participar da organiza\u00e7\u00e3o e administra\u00e7\u00e3o da Igreja em seus Conselhos paroquiais ou diocesanos, lecionar em faculdades de Teologia, moderar associa\u00e7\u00f5es leigas, integrar S\u00ednodos diocesanos, ser not\u00e1rio da C\u00faria, ec\u00f4nomo, ministro da Palavra, dos enfermos, catequista, mission\u00e1rio, juiz do tribunal eclesi\u00e1stico, promotor de justi\u00e7a no mesmo tribunal, zeladora ou sacrist\u00e3o no templo, do altar, atuar no minist\u00e9rio de m\u00fasica, da liturgia etc.<br \/>Existem os carismas, que s\u00e3o dons do Esp\u00edrito Santo dados aos seres humanos para a edifica\u00e7\u00e3o da Igreja, o bem dos homens e da humanidade em geral. H\u00e1 carismas especiais como o dom de cura, de profecias, de l\u00ednguas e sua interpreta\u00e7\u00e3o (cf. 1Cor 14,26-28), assim como os mais comuns, mas muito necess\u00e1rios, tais como o cuidado dos enfermos, de crian\u00e7as \u00f3rf\u00e3s ou abandonadas, a assist\u00eancia a portadores de doen\u00e7as altamente contagiosas ou raras, a educa\u00e7\u00e3o de crian\u00e7as ou adolescentes em situa\u00e7\u00e3o de risco, o trabalho pastoral com encarcerados considerados de alta periculosidade, a catequese de pessoas especiais, e tantos outros.<br \/>Cabe aos Pastores da Igreja distinguir, com o apoio de bons te\u00f3logos e especialistas em Espiritualidade, Psicologia ou Medicina, os aut\u00eanticos dos falsos carismas na Igreja, especialmente os extraordin\u00e1rios, dado que muito facilmente se confundem fen\u00f4menos origin\u00e1rios do psiquismo humano. A Igreja, M\u00e3e s\u00e1bia, pede cautela e d\u00e1 diretrizes seguras para esses casos.<br \/>Importa dizer que a inser\u00e7\u00e3o nos trabalhos pastorais paroquiais e diocesanos obriga ainda mais ao seu compromisso pessoal de testemunhar na sociedade a sua f\u00e9. Da\u00ed, ser importante que cada um, pelo exemplo e pela palavra, anuncie Jesus Cristo aos parentes, amigos, vizinhos, colegas de trabalho etc., de modo que todos possam ver a luz de Cristo a brilhar sempre com novo vigor. Onde est\u00e1 um fiel deve estar a Igreja com sua mensagem transformadora do cora\u00e7\u00e3o e das realidades em que vivemos. Seria bom pedirmos, como jaculat\u00f3ria, diariamente: \u201cFazei, Senhor, que, ao longo deste dia, eu te reflita a todos!\u201d. Ali\u00e1s, esse \u00e9 o minist\u00e9rio ordin\u00e1rio dos crist\u00e3os leigos.<br \/>Tamb\u00e9m \u00e9 louv\u00e1vel aos fi\u00e9is leigos participarem de movimentos aprovados pela Igreja, que se destinam a dar forma\u00e7\u00e3o, rezar o ter\u00e7o, promover a\u00e7\u00f5es entre fam\u00edlias etc. \u00c9 preciso, contudo, que esses mesmos movimentos levem \u00e0 santidade, \u00e0 busca de professar a f\u00e9 em comunh\u00e3o com o Magist\u00e9rio da Igreja, \u00e0 uni\u00e3o com o Papa e com o Bispo diocesano, \u00e0 conformidade com as necessidades da Igreja local e ao empenho na promo\u00e7\u00e3o da Doutrina Social da Igreja, e n\u00e3o de ideologias estranhas a ela.<br \/>2) A corresponsabilidade na vida da Igreja mission\u00e1ria \u00e9 outro ponto importante, pois leva a Palavra de Deus a todas as realidades, como bem dizia o Beato Papa Paulo VI: \u201cEvangelizar \u00e9 a gra\u00e7a e a voca\u00e7\u00e3o pr\u00f3pria da Igreja, a sua identidade mais profunda\u201d. (Evangelii nuntiandi, 14). Essa tarefa se destina n\u00e3o s\u00f3 a levar o Evangelho aos que n\u00e3o o conhecem ainda, mas tamb\u00e9m aos batizados e afastados da vida eclesial. Trata-se da nova evangeliza\u00e7\u00e3o para fazer chegar aos j\u00e1 batizados a profundidade da vida segundo o Evangelho.<br \/>Alguns pontos podem ser aqui propostos: a promo\u00e7\u00e3o da dignidade humana, de modo que a vida seja defendida desde a sua concep\u00e7\u00e3o at\u00e9 o seu fim natural, o que implica um n\u00e3o ao aborto e \u00e0 eutan\u00e1sia; a defesa da \u00e9tica nos campos em que essa mesma dignidade humana se encontra amea\u00e7ada. Da\u00ed, a import\u00e2ncia da Bio\u00e9tica ser levada a s\u00e9rio e a cada profissional da \u00e1rea da sa\u00fade ser garantido o direito humano b\u00e1sico \u00e0 \u201cobje\u00e7\u00e3o de consci\u00eancia\u201d. Esta assegura que ningu\u00e9m pode ser legalmente obrigado a fazer algo contra a consci\u00eancia, especialmente ferindo seus valores morais e espirituais e a preserva\u00e7\u00e3o da fam\u00edlia como desejada no plano de Deus, pois \u00e9 ela a c\u00e9lula m\u00e3e da sociedade bem organizada. Sem a fam\u00edlia unida segundo o plano de Deus tudo vai mal.<br \/>Pede-se, ainda, o direito a expressar publicamente a nossa f\u00e9, dentro da lei e da ordem; o exerc\u00edcio da caridade fraterna para com todos, seja individualmente ou em grupo; a participa\u00e7\u00e3o nas inst\u00e2ncias p\u00fablicas, especialmente por meio da pol\u00edtica profissional, que \u00e9 um campo temporal no qual os leigos t\u00eam plena autonomia, salvo naquilo que toca pontos de f\u00e9 e de moral (n\u00e3o podem apoiar o aborto, a eutan\u00e1sia, a dissolu\u00e7\u00e3o da fam\u00edlia pelo voto ou pela filia\u00e7\u00e3o a partidos que, eventualmente, em seus programas, defendam tais bandeiras); a defesa do princ\u00edpio da subsidiariedade que leva o Estado a respeitar e n\u00e3o a abocanhar as iniciativas particulares, dentre as quais est\u00e1 a propriedade privada a servir ao bem da sociedade e n\u00e3o apenas a interesses mesquinhos de seus propriet\u00e1rios; a evangeliza\u00e7\u00e3o no mundo da cultura, ou seja, que os leigos e leigas se engajem a escrever em jornais, revistas, sites, blogs independentes ou pr\u00f3prios, levando a outros a mensagem do Evangelho. Tamb\u00e9m o r\u00e1dio e a televis\u00e3o s\u00e3o grandes meios de evangeliza\u00e7\u00e3o. Quem vai escrever ou falar sobre a Igreja, no entanto, h\u00e1 de se preparar e evitar dar como se fosse opini\u00e3o do Magist\u00e9rio o que \u00e9 conceito pessoal do escritor ou locutor.<br \/>3) A administra\u00e7\u00e3o da multiforme gra\u00e7a de Deus consiste em entender que o Senhor d\u00e1 as suas gra\u00e7as a quem, quando e como quer, nunca segundo nossos crit\u00e9rios humanos limitados, mas conforme a sua benignidade a chamar, em v\u00e1rias horas, oper\u00e1rios para a sua vinha (cf. Mt 20,1-16). Isso nos leva a entender que a comunidade Igreja, em sua face humana, n\u00e3o \u00e9 perfeita como queremos e nem todos pensam como gostar\u00edamos, sem que por isso estejam, necessariamente, errados e n\u00f3s estejamos certos. \u00c9 preciso prud\u00eancia, discernimento, firmeza, ora\u00e7\u00e3o e caridade nesse assunto.<br \/>Dessa diversidade de oper\u00e1rios decorre que temos na Igreja idosos, jovens, crian\u00e7as, homens, mulheres, sempre atuando, de modo mais ou menos eficiente, nas v\u00e1rias \u00e1reas de pastorais, sejam internas \u00e0 vida paroquial, sejam externas como, por exemplo, na Pastoral Carcer\u00e1ria, da Crian\u00e7a, do Migrante etc. Devem ser respeitados e s\u00e3o chamados a agir em sintonia com o seu Bispo na fidelidade ao Magist\u00e9rio da Igreja.<br \/>Todas as pessoas requerem especial acompanhamento dos ministros de Cristo e da pr\u00f3pria comunidade como um todo, mas tem se destacado muito as ovelhas feridas ou fragilizadas pelos desafios de nosso tempo. Assim, as crian\u00e7as que v\u00eam de lares desfeitos ou mesmo inexistentes nas grandes cidades; os adolescentes e jovens marcados pelos estigmas da viol\u00eancia at\u00e9 da parte dos que deveriam proteg\u00ea-los, bem como do flagelo das drogas; os casais de segunda uni\u00e3o, n\u00e3o raras vezes com dramas de consci\u00eancia; as mulheres vitimadas pela viol\u00eancia, \u201cm\u00e3es solteiras\u201d ou traumatizadas por um aborto que fizeram; os idosos abandonados n\u00e3o s\u00f3 em cl\u00ednicas ou asilos, mas nas pr\u00f3prias casas. T\u00eam, \u00e0s vezes, bom conforto material e m\u00e9dico, mas carecem do apoio humano, assim como outros demais doentes ou acidentados de maneira geral&#8230; \u00c9, pois, vasto o campo de a\u00e7\u00e3o da Igreja por meio dos leigos e leigas comprometidos.<br \/>4) A forma\u00e7\u00e3o \u00e9 important\u00edssima. O Papa Bento XVI chegou a dizer aos bispos su\u00ed\u00e7os, na visita ad limina, em novembro de 2006, que a ignor\u00e2ncia religiosa atingiu um n\u00edvel espantoso. Pensa-se, talvez, que n\u00e3o \u00e9 importante formar pessoas de f\u00e9 madura e atuante nos nossos dias. Isso \u00e9 grave e requer rem\u00e9dio urgente que, conjuntamente, n\u00f3s Bispos deveremos apontar. Tal forma\u00e7\u00e3o h\u00e1 de enquadrar o espiritual, pois nos leva a crescer na vida de ora\u00e7\u00e3o e, consequentemente, na intimidade com Deus e no amor aos irm\u00e3os; doutrinal, importante para conhecer bem a f\u00e9 professada, justific\u00e1-la e poder transmiti-la aos demais. Aqui n\u00e3o pode faltar a Doutrina Social da Igreja, como j\u00e1 dissemos, dado que ela leva o crist\u00e3o a agir no mundo da pol\u00edtica, da economia, da sa\u00fade, da educa\u00e7\u00e3o etc. como homem e mulher de f\u00e9 e defensor dos genu\u00ednos valores humanos.<br \/>A pergunta \u00e9 onde encontrar essa forma\u00e7\u00e3o? \u2013 Respondemos que, via de regra, as dioceses t\u00eam suas escolas de teologia para leigos, as par\u00f3quias promovem cursos b\u00edblicos ou teol\u00f3gicos, as escolas cat\u00f3licas ministram aulas de religi\u00e3o, as faculdades cat\u00f3licas oferecem curso superior de Teologia e tamb\u00e9m a disciplina Antropologia Teol\u00f3gica ou equivalente, em v\u00e1rios cursos, que muito pode ajudar no melhor conhecimento da f\u00e9. Isso sem falar nas boas leituras ou cursos online ou por correspond\u00eancia, ministrados por sacerdotes, religiosos ou leigos, como, por exemplo, os que dispomos em nossa Escola Mater Ecclesiae, da Arquidiocese de S\u00e3o Sebasti\u00e3o do Rio de Janeiro, e tem ajudado a muitos irm\u00e3os e irm\u00e3s do Brasil e at\u00e9 de outros pa\u00edses de l\u00edngua portuguesa (www.materecclesiae.com.br). <br \/>5) A ora\u00e7\u00e3o que \u00e9 como que a alma da alma. Sem ela nada se faz na vida crist\u00e3. Da\u00ed, todos sermos convidados, n\u00e3o por preceito apenas, mas, sim, por amor, a nos dedicarmos \u00e0 Santa Missa semanal, ou di\u00e1ria se poss\u00edvel; \u00e0 Liturgia das Horas a quem disp\u00f5e de meios impressos ou eletr\u00f4nicos para rez\u00e1-la; \u00e0s devo\u00e7\u00f5es t\u00e3o caras \u00e0 Igreja, como o Ros\u00e1rio, especialmente em fam\u00edlia ou em comunidade, a Via-Sacra ou outras devo\u00e7\u00f5es pessoais que o Esp\u00edrito Santo, qual Mestre interior, desperta em n\u00f3s. Importa saber de uma verdade normativa: Nada se fa\u00e7a sem ora\u00e7\u00e3o! Inicie e termine tudo na presen\u00e7a de Deus, bem como ofere\u00e7a cada ato feito a Ele, em Cristo, no Esp\u00edrito Santo, e voc\u00ea estar\u00e1 em ora\u00e7\u00e3o cont\u00ednua ou sempre na presen\u00e7a divina.<br \/>Pe\u00e7amos, por fim, em ora\u00e7\u00e3o, \u00e0 M\u00e3e Aparecida que ilumine a vida de cada leigo ou leiga desse imenso Brasil, a fim de que corresponda, a contento, \u00e0 sua nobre miss\u00e3o, bem como interceda junto a seu Filho Jesus para que a 54\u00aa Assembleia Geral da CNBB seja prof\u00edcua ao tratar do laicato na Igreja de nosso Pa\u00eds. Am\u00e9m!<\/p>\n","protected":false},"excerpt":{"rendered":"<p>A 54\u00aa. Assembleia Geral da CNBB neste ano se volta para os leigos e leigas na Igreja e na Sociedade como \u201csal da terra e luz do mundo\u201d. (cf. Mt 5,13-14), pois sabe da real import\u00e2ncia deles dentro do Povo de Deus para a Igreja no Brasil em um tempo no qual, mais do que [&hellip;]<\/p>\n","protected":false},"author":5,"featured_media":0,"comment_status":"open","ping_status":"open","sticky":false,"template":"","format":"standard","meta":{"footnotes":""},"categories":[9],"tags":[],"class_list":["post-14027","post","type-post","status-publish","format-standard","hentry","category-artigos"],"_links":{"self":[{"href":"https:\/\/catolicanet.net\/wp-cnet\/wp-json\/wp\/v2\/posts\/14027","targetHints":{"allow":["GET"]}}],"collection":[{"href":"https:\/\/catolicanet.net\/wp-cnet\/wp-json\/wp\/v2\/posts"}],"about":[{"href":"https:\/\/catolicanet.net\/wp-cnet\/wp-json\/wp\/v2\/types\/post"}],"author":[{"embeddable":true,"href":"https:\/\/catolicanet.net\/wp-cnet\/wp-json\/wp\/v2\/users\/5"}],"replies":[{"embeddable":true,"href":"https:\/\/catolicanet.net\/wp-cnet\/wp-json\/wp\/v2\/comments?post=14027"}],"version-history":[{"count":1,"href":"https:\/\/catolicanet.net\/wp-cnet\/wp-json\/wp\/v2\/posts\/14027\/revisions"}],"predecessor-version":[{"id":21613,"href":"https:\/\/catolicanet.net\/wp-cnet\/wp-json\/wp\/v2\/posts\/14027\/revisions\/21613"}],"wp:attachment":[{"href":"https:\/\/catolicanet.net\/wp-cnet\/wp-json\/wp\/v2\/media?parent=14027"}],"wp:term":[{"taxonomy":"category","embeddable":true,"href":"https:\/\/catolicanet.net\/wp-cnet\/wp-json\/wp\/v2\/categories?post=14027"},{"taxonomy":"post_tag","embeddable":true,"href":"https:\/\/catolicanet.net\/wp-cnet\/wp-json\/wp\/v2\/tags?post=14027"}],"curies":[{"name":"wp","href":"https:\/\/api.w.org\/{rel}","templated":true}]}}