{"id":14017,"date":"2016-04-04T13:37:27","date_gmt":"2016-04-04T16:37:27","guid":{"rendered":"http:\/\/catolicanet.net\/wp-cnet\/2016\/04\/04\/asiapaquistao-contra-o-terrorismo-e-preciso-mudar-a-mentalidade-atraves-da-obra-da-educacao\/"},"modified":"2017-05-31T11:14:53","modified_gmt":"2017-05-31T14:14:53","slug":"asiapaquistao-contra-o-terrorismo-e-preciso-mudar-a-mentalidade-atraves-da-obra-da-educacao","status":"publish","type":"post","link":"https:\/\/catolicanet.net\/wp-cnet\/asiapaquistao-contra-o-terrorismo-e-preciso-mudar-a-mentalidade-atraves-da-obra-da-educacao\/","title":{"rendered":"\u00c1SIA\/PAQUIST\u00c3O &#8211; Contra o terrorismo \u00e9 preciso mudar a mentalidade, atrav\u00e9s da obra da educa\u00e7\u00e3o"},"content":{"rendered":"<p style=\"text-align: justify;\">Lahore (Ag\u00eancia Fides) &#8211; \u201cHoje, muitos jovens no Paquist\u00e3o sofrem lavagem cerebral e depois matam ou se tornam camicases em nome de Deus. Esses ataques hediondos continuar\u00e3o enquanto os cidad\u00e3os do Paquist\u00e3o n\u00e3o trabalharem todos juntos por uma mudan\u00e7a de mentalidade e cultura: pais, professores, l\u00edderes religiosos de todas as cren\u00e7as, l\u00edderes sociais e pol\u00edticos, todos aqueles que t\u00eam influ\u00eancia na opini\u00e3o p\u00fablica.\u201d Esta \u00e9 a an\u00e1lise feita \u00e0 Fides por Pe. Inayat Bernard, Reitor do Semin\u00e1rio menor de Stanta Maria, em Lahore, depois do massacre da P\u00e1scoa ocorrido em Lahore, que causou, de acordo com o balan\u00e7o oficial, 78 v\u00edtimas (54 mu\u00e7ulmanos e 24 crist\u00e3os) e mais de 300 feridos.<br \/>Em declara\u00e7\u00f5es \u00e0 Fides, o Reitor explica: \u201cA viol\u00eancia vai continuar enquanto o respeito pela humanidade, a toler\u00e2ncia e o temor de Deus n\u00e3o forem pregados pelos l\u00edderes de todas as religi\u00f5es\u201d, frisou ele, observando a necessidade em todos os locais de culto e de todos os l\u00edderes religiosos de serem promotores da paz e da harmonia.<br \/>\u201cOs inimigos da na\u00e7\u00e3o &#8211; continua Pe. Inayat &#8211; continuam com os seus planos desumanos para desestabilizar o pa\u00eds. As pessoas de boa vontade rezam por esses elementos terroristas, para que Deus mude os seus cora\u00e7\u00f5es e suas mentes, e eles possam colocar suas energias morais a servi\u00e7o da prosperidade e do desenvolvimento do Paquist\u00e3o.<br \/>Ao lado de uma \u201ca\u00e7\u00e3o consistente do Ex\u00e9rcito e do Governo para deter e prevenir a viol\u00eancia a fim de garantir a paz e a harmonia no pa\u00eds, h\u00e1 uma responsabilidade de todos os 200 milh\u00f5es de cidad\u00e3os paquistaneses, de qualquer religi\u00e3o, chamados a viver e contribuir para a estabilidade e a prosperidade da na\u00e7\u00e3o\u201d, comentou o sacerdote. Um dos g\u00e2nglios essenciais para tal mudan\u00e7a, disse Pe. Inayat, \u00e9 a escola e a forma\u00e7\u00e3o da gera\u00e7\u00e3o mais jovem, atrav\u00e9s do trabalho de educa\u00e7\u00e3o: a partir dali se come\u00e7a a constru\u00e7\u00e3o de uma mentalidade aberta, tolerante, de di\u00e1logo, pac\u00edfica e inclusiva.<\/p>\n<p style=\"text-align: justify;\">Fonte: Ag\u00eancia Fides<\/p>\n","protected":false},"excerpt":{"rendered":"<p>Lahore (Ag\u00eancia Fides) &#8211; \u201cHoje, muitos jovens no Paquist\u00e3o sofrem lavagem cerebral e depois matam ou se tornam camicases em nome de Deus. Esses ataques hediondos continuar\u00e3o enquanto os cidad\u00e3os do Paquist\u00e3o n\u00e3o trabalharem todos juntos por uma mudan\u00e7a de mentalidade e cultura: pais, professores, l\u00edderes religiosos de todas as cren\u00e7as, l\u00edderes sociais e pol\u00edticos, [&hellip;]<\/p>\n","protected":false},"author":1,"featured_media":0,"comment_status":"open","ping_status":"open","sticky":false,"template":"","format":"standard","meta":{"footnotes":""},"categories":[4],"tags":[],"class_list":["post-14017","post","type-post","status-publish","format-standard","hentry","category-cotidiano"],"_links":{"self":[{"href":"https:\/\/catolicanet.net\/wp-cnet\/wp-json\/wp\/v2\/posts\/14017","targetHints":{"allow":["GET"]}}],"collection":[{"href":"https:\/\/catolicanet.net\/wp-cnet\/wp-json\/wp\/v2\/posts"}],"about":[{"href":"https:\/\/catolicanet.net\/wp-cnet\/wp-json\/wp\/v2\/types\/post"}],"author":[{"embeddable":true,"href":"https:\/\/catolicanet.net\/wp-cnet\/wp-json\/wp\/v2\/users\/1"}],"replies":[{"embeddable":true,"href":"https:\/\/catolicanet.net\/wp-cnet\/wp-json\/wp\/v2\/comments?post=14017"}],"version-history":[{"count":1,"href":"https:\/\/catolicanet.net\/wp-cnet\/wp-json\/wp\/v2\/posts\/14017\/revisions"}],"predecessor-version":[{"id":26223,"href":"https:\/\/catolicanet.net\/wp-cnet\/wp-json\/wp\/v2\/posts\/14017\/revisions\/26223"}],"wp:attachment":[{"href":"https:\/\/catolicanet.net\/wp-cnet\/wp-json\/wp\/v2\/media?parent=14017"}],"wp:term":[{"taxonomy":"category","embeddable":true,"href":"https:\/\/catolicanet.net\/wp-cnet\/wp-json\/wp\/v2\/categories?post=14017"},{"taxonomy":"post_tag","embeddable":true,"href":"https:\/\/catolicanet.net\/wp-cnet\/wp-json\/wp\/v2\/tags?post=14017"}],"curies":[{"name":"wp","href":"https:\/\/api.w.org\/{rel}","templated":true}]}}