{"id":14016,"date":"2016-04-04T13:35:22","date_gmt":"2016-04-04T16:35:22","guid":{"rendered":"http:\/\/catolicanet.net\/wp-cnet\/2016\/04\/04\/asiapaquistao-ongs-o-governo-cedeu-a-pressoes-dos-extremistas\/"},"modified":"2017-05-31T11:14:53","modified_gmt":"2017-05-31T14:14:53","slug":"asiapaquistao-ongs-o-governo-cedeu-a-pressoes-dos-extremistas","status":"publish","type":"post","link":"https:\/\/catolicanet.net\/wp-cnet\/asiapaquistao-ongs-o-governo-cedeu-a-pressoes-dos-extremistas\/","title":{"rendered":"\u00c1SIA\/PAQUIST\u00c3O &#8211; ONGs: \u201cO governo cedeu a press\u00f5es dos extremistas\u201d"},"content":{"rendered":"<p style=\"text-align: justify;\">Islamabad (Ag\u00eancia Fides) \u2013 O governo do Paquist\u00e3o cedeu a sete das dez solicita\u00e7\u00f5es apresentadas por grupos radicais isl\u00e2micos aliados de Mumtaz Qadri, assassino e r\u00e9u confesso do governador de Punjab, Salman Taseer, que durante dias manifestaram em Islambad inclusive diante do Parlamento. \u00c9 o que afirma um comunicado enviado \u00e0 Fides pela Ong \u201cChristian Solidarity Worldwide\u201d, com um grupo de outras organiza\u00e7\u00f5es da sociedade civil no Paquist\u00e3o.<br \/>Mumtaz Qadri foi executado em 29 de fevereiro, depois da condena\u00e7\u00e3o \u00e0 morte confirmada no terceiro grau de ju\u00edzo. Em 4 de janeiro de 2011 Qadri matou o ex-governador da prov\u00edncia de Punjab, Salman Taseer, que havia criticado a lei sobre a blasf\u00eamia e defendido a crist\u00e3 Asia Bibi, condenada \u00e0 morte e atualmente na pris\u00e3o.<br \/>Os grupos extremistas isl\u00e2micos organizaram, os \u00faltimos dias, um sit-in na chamada \u201czona vermelha\u201d, \u00e1rea de seguran\u00e7a m\u00e1xima na qual se encontram o Parlamento e edif\u00edcios do governo. O protesto teve in\u00edcio em 27 de mar\u00e7o e terminou em 30 de mar\u00e7o, quando o governo concordou com sete dos dez pedidos apresentados: dentre os quais, a liberta\u00e7\u00e3o dos detidos durante o sit-in; o compromisso em n\u00e3o modificar o artigo 295 A, B e C das leis sobre a blasf\u00eamia no Paquist\u00e3o; o compromisso em n\u00e3o demonstrar clem\u00eancia com os condenados por blasf\u00eamia. \u201cA sociedade civil no Paquist\u00e3o \u2013 observa CSW na nota enviada \u00e0 Fides \u2013 est\u00e1 chocada com a inten\u00e7\u00e3o do governo de contentar os manifestantes, pois desta forma \u00e9 legitimada a press\u00e3o que os mesmos podem exercer\u201d.<br \/>CSW releva: \u201cDepois da trag\u00e9dia do atentado de Lahore, o governo do Paquist\u00e3o deve ser firme e proteger as minorias religiosas. Tais concess\u00f5es evidenciam a incapacidade do governo de resistir \u00e0s press\u00f5es de extremistas e levantam d\u00favidas sobre seu empenho em garantir os direitos de todos os cidad\u00e3os paquistaneses e deter o abuso da lei sobre a blasf\u00eamia\u201d.<\/p>\n<p style=\"text-align: justify;\">Fonte: Ag\u00eancia Fides<\/p>\n","protected":false},"excerpt":{"rendered":"<p>Islamabad (Ag\u00eancia Fides) \u2013 O governo do Paquist\u00e3o cedeu a sete das dez solicita\u00e7\u00f5es apresentadas por grupos radicais isl\u00e2micos aliados de Mumtaz Qadri, assassino e r\u00e9u confesso do governador de Punjab, Salman Taseer, que durante dias manifestaram em Islambad inclusive diante do Parlamento. \u00c9 o que afirma um comunicado enviado \u00e0 Fides pela Ong \u201cChristian [&hellip;]<\/p>\n","protected":false},"author":1,"featured_media":0,"comment_status":"open","ping_status":"open","sticky":false,"template":"","format":"standard","meta":{"footnotes":""},"categories":[4],"tags":[],"class_list":["post-14016","post","type-post","status-publish","format-standard","hentry","category-cotidiano"],"_links":{"self":[{"href":"https:\/\/catolicanet.net\/wp-cnet\/wp-json\/wp\/v2\/posts\/14016","targetHints":{"allow":["GET"]}}],"collection":[{"href":"https:\/\/catolicanet.net\/wp-cnet\/wp-json\/wp\/v2\/posts"}],"about":[{"href":"https:\/\/catolicanet.net\/wp-cnet\/wp-json\/wp\/v2\/types\/post"}],"author":[{"embeddable":true,"href":"https:\/\/catolicanet.net\/wp-cnet\/wp-json\/wp\/v2\/users\/1"}],"replies":[{"embeddable":true,"href":"https:\/\/catolicanet.net\/wp-cnet\/wp-json\/wp\/v2\/comments?post=14016"}],"version-history":[{"count":1,"href":"https:\/\/catolicanet.net\/wp-cnet\/wp-json\/wp\/v2\/posts\/14016\/revisions"}],"predecessor-version":[{"id":26224,"href":"https:\/\/catolicanet.net\/wp-cnet\/wp-json\/wp\/v2\/posts\/14016\/revisions\/26224"}],"wp:attachment":[{"href":"https:\/\/catolicanet.net\/wp-cnet\/wp-json\/wp\/v2\/media?parent=14016"}],"wp:term":[{"taxonomy":"category","embeddable":true,"href":"https:\/\/catolicanet.net\/wp-cnet\/wp-json\/wp\/v2\/categories?post=14016"},{"taxonomy":"post_tag","embeddable":true,"href":"https:\/\/catolicanet.net\/wp-cnet\/wp-json\/wp\/v2\/tags?post=14016"}],"curies":[{"name":"wp","href":"https:\/\/api.w.org\/{rel}","templated":true}]}}