{"id":14015,"date":"2016-04-04T13:33:09","date_gmt":"2016-04-04T16:33:09","guid":{"rendered":"http:\/\/catolicanet.net\/wp-cnet\/2016\/04\/04\/americamexico-chega-de-homicidios-apelo-do-bispo-e-dos-comerciantes-de-acapulco\/"},"modified":"2017-05-31T11:14:53","modified_gmt":"2017-05-31T14:14:53","slug":"americamexico-chega-de-homicidios-apelo-do-bispo-e-dos-comerciantes-de-acapulco","status":"publish","type":"post","link":"https:\/\/catolicanet.net\/wp-cnet\/americamexico-chega-de-homicidios-apelo-do-bispo-e-dos-comerciantes-de-acapulco\/","title":{"rendered":"AM\u00c9RICA\/M\u00c9XICO &#8211; \u201cChega de homic\u00eddios!\u201d: apelo do Bispo e dos comerciantes de Acapulco"},"content":{"rendered":"<p style=\"text-align: justify;\">Acapulco (Ag\u00eancia Fides) \u2013 &#8220;Irm\u00e3os da criminalidade organizada (&#8230;), pedimos gentilmente que nos concedam alguns dias sem viol\u00eancia&#8221;, afirmou Laura Caballero, presidente da maior associa\u00e7\u00e3o de comerciantes de Acapulco, que com o Bispo de Chilpancigo-Chilapa (Guerrero, M\u00e9xico), Dom Salvador Rangel Mendoza, OFM, lan\u00e7ou um apelo aos chefes criminosos por uma tr\u00e9gua na guerra entre grupos de narcotraficantes, que causou um alto n\u00famero de homic\u00eddios na regi\u00e3o.<br \/>A empres\u00e1ria tamb\u00e9m convocou uma reuni\u00e3o com os funcion\u00e1rios estatais, membros do governo federal e l\u00edderes sociais para 13 de abril, de modo a elaborar &#8220;uma proposta de paz&#8221;. Acapulco se tornou o epicentro da espiral violenta que est\u00e1 atingindo o M\u00e9xico e que causou 42 homic\u00eddios somente durante a Semana Santa.<br \/>Por sua vez, o Bispo de Chilpancigo-Chilapa recordou que h\u00e1 alguns meses pede ao governo que &#8220;dialogue com os grupos&#8221;. &#8220;Durante as minhas visitas \u00e0s par\u00f3quias da regi\u00e3o, sempre pedi aos criminosos que busquem a harmonia, o perd\u00e3o e que evitem os homic\u00eddios e sequestros. Os l\u00edderes dos grupos sabem bem como resolver as coisas entre eles&#8221;, afirmou o Bispo.<br \/>Acapulco, a segunda maior cidade do Estado de Guerrero, na costa do Pac\u00edfico a cerca de 450 quil\u00f4metros de Cidade do M\u00e9xico, foi durante d\u00e9cadas um dos destinos preferidos dos turistas mexicanos e estrangeiros pela beleza da sua ba\u00eda, por suas caracter\u00edsticas naturais e pelo excelente clima tropical. A atual &#8220;crise de inseguran\u00e7a&#8221; provocada pela guerra entre grupos criminosos \u00e9 semelhante a de 2006, quando as pessoas n\u00e3o podiam sair \u00e0s ruas pelo medo das balas perdidas.<br \/>O governo enviou 4.500 agentes de pol\u00edcia, mas isso n\u00e3o reduziu o n\u00famero de homic\u00eddios.<\/p>\n<p style=\"text-align: justify;\">Fonte: Ag\u00eancia Fides<\/p>\n<p style=\"text-align: justify;\">\u00a0<\/p>\n","protected":false},"excerpt":{"rendered":"<p>Acapulco (Ag\u00eancia Fides) \u2013 &#8220;Irm\u00e3os da criminalidade organizada (&#8230;), pedimos gentilmente que nos concedam alguns dias sem viol\u00eancia&#8221;, afirmou Laura Caballero, presidente da maior associa\u00e7\u00e3o de comerciantes de Acapulco, que com o Bispo de Chilpancigo-Chilapa (Guerrero, M\u00e9xico), Dom Salvador Rangel Mendoza, OFM, lan\u00e7ou um apelo aos chefes criminosos por uma tr\u00e9gua na guerra entre grupos [&hellip;]<\/p>\n","protected":false},"author":1,"featured_media":0,"comment_status":"open","ping_status":"open","sticky":false,"template":"","format":"standard","meta":{"footnotes":""},"categories":[4],"tags":[],"class_list":["post-14015","post","type-post","status-publish","format-standard","hentry","category-cotidiano"],"_links":{"self":[{"href":"https:\/\/catolicanet.net\/wp-cnet\/wp-json\/wp\/v2\/posts\/14015","targetHints":{"allow":["GET"]}}],"collection":[{"href":"https:\/\/catolicanet.net\/wp-cnet\/wp-json\/wp\/v2\/posts"}],"about":[{"href":"https:\/\/catolicanet.net\/wp-cnet\/wp-json\/wp\/v2\/types\/post"}],"author":[{"embeddable":true,"href":"https:\/\/catolicanet.net\/wp-cnet\/wp-json\/wp\/v2\/users\/1"}],"replies":[{"embeddable":true,"href":"https:\/\/catolicanet.net\/wp-cnet\/wp-json\/wp\/v2\/comments?post=14015"}],"version-history":[{"count":1,"href":"https:\/\/catolicanet.net\/wp-cnet\/wp-json\/wp\/v2\/posts\/14015\/revisions"}],"predecessor-version":[{"id":26225,"href":"https:\/\/catolicanet.net\/wp-cnet\/wp-json\/wp\/v2\/posts\/14015\/revisions\/26225"}],"wp:attachment":[{"href":"https:\/\/catolicanet.net\/wp-cnet\/wp-json\/wp\/v2\/media?parent=14015"}],"wp:term":[{"taxonomy":"category","embeddable":true,"href":"https:\/\/catolicanet.net\/wp-cnet\/wp-json\/wp\/v2\/categories?post=14015"},{"taxonomy":"post_tag","embeddable":true,"href":"https:\/\/catolicanet.net\/wp-cnet\/wp-json\/wp\/v2\/tags?post=14015"}],"curies":[{"name":"wp","href":"https:\/\/api.w.org\/{rel}","templated":true}]}}