{"id":14014,"date":"2016-04-04T13:28:46","date_gmt":"2016-04-04T16:28:46","guid":{"rendered":"http:\/\/catolicanet.net\/wp-cnet\/2016\/04\/04\/mensagem-de-esperanca-para-o-dia-mundial-do-autismo\/"},"modified":"2017-05-30T09:28:06","modified_gmt":"2017-05-30T12:28:06","slug":"mensagem-de-esperanca-para-o-dia-mundial-do-autismo","status":"publish","type":"post","link":"https:\/\/catolicanet.net\/wp-cnet\/mensagem-de-esperanca-para-o-dia-mundial-do-autismo\/","title":{"rendered":"Mensagem de esperan\u00e7a para o Dia Mundial do Autismo"},"content":{"rendered":"<p style=\"text-align: justify;\"><img decoding=\"async\" src=\"http:\/\/catolicanet.com.br\/images\/stories\/geral\/epa2021185_articolo.jpg\" border=\"0\" align=\"left\" \/>O Presidente do Pontif\u00edcio Conselho da Pastoral para os Agentes da Sa\u00fade, Dom Zygmunt Zimowski, publicou uma mensagem por ocasi\u00e3o do \u201cDia Mundial da Conscientiza\u00e7\u00e3o do Autismo\u201d, celebrado neste dia 2 de abril.<\/p>\n<p>Esta comemora\u00e7\u00e3o, institu\u00edda pela ONU em 2007, tem o intuito de alertar as sociedades e governantes sobre esta doen\u00e7a, ajudando a derrubar as barreiras dos preconceitos sobre esta doen\u00e7a, que afeta cerca de 70 milh\u00f5es de pessoas em todo o mundo. O Autismo pertence a um grupo de doen\u00e7as do desenvolvimento cerebral, conhecido por &#8220;Transtornos de Espectro Autista&#8221; (TEA).<\/p>\n<p>Conscientiza\u00e7\u00e3o<\/p>\n<p>No Brasil, o Dia Mundial do Autismo \u00e9 celebrado com palestras e eventos p\u00fablicos, que acontecem por v\u00e1rias cidades brasileiras. O objetivo \u00e9 ajudar a conscientizar e informar as pessoas sobre o significado desta doen\u00e7a e como lidar com ela.<\/p>\n<p>Nesta data, v\u00e1rios pontos tur\u00edsticos em todo o mundo s\u00e3o iluminados de azul, cor que simboliza o Autismo.<\/p>\n<p>Em sua mensagem Dom Zimovski encoraja todos os que trabalham com os pacientes do autismo \u2013 as fam\u00edlias, o assistentes, as associa\u00e7\u00f5es, pesquisadores e os volunt\u00e1rios \u2013 a terem esperan\u00e7a, sobretudo neste per\u00edodo p\u00f3s-pascal.<\/p>\n<p>Mensagem de esperan\u00e7a<\/p>\n<p>A esperan\u00e7a crist\u00e3, como diz Papa Francisco, n\u00e3o \u00e9 simplesmente otimismo, desejo, aug\u00fario, mas expectativa apaixonada do cumprimento definitivo de um mist\u00e9rio: o mist\u00e9rio de amor que vivemos. Logo, a Igreja tem a tarefa de manter sempre acesa a l\u00e2mpada da esperan\u00e7a, sinal seguro da salva\u00e7\u00e3o.<\/p>\n<p>Por isso, neste dia dedicado \u00e0 conscientiza\u00e7\u00e3o e informa\u00e7\u00e3o sobre a realidade do Autismo, a Igreja exorta todos a favorecer a acolhida, o encontro, a solidariedade, mediante atos concretos de apoio e incentivo, promovendo pol\u00edticas eficazes e eficientes em prol dos pacientes de autismo.<\/p>\n<p style=\"text-align: justify;\">Fonte: R\u00e1dio Vaticano<\/p>\n","protected":false},"excerpt":{"rendered":"<p>O Presidente do Pontif\u00edcio Conselho da Pastoral para os Agentes da Sa\u00fade, Dom Zygmunt Zimowski, publicou uma mensagem por ocasi\u00e3o do \u201cDia Mundial da Conscientiza\u00e7\u00e3o do Autismo\u201d, celebrado neste dia 2 de abril. Esta comemora\u00e7\u00e3o, institu\u00edda pela ONU em 2007, tem o intuito de alertar as sociedades e governantes sobre esta doen\u00e7a, ajudando a derrubar [&hellip;]<\/p>\n","protected":false},"author":1,"featured_media":0,"comment_status":"open","ping_status":"open","sticky":false,"template":"","format":"standard","meta":{"footnotes":""},"categories":[4],"tags":[],"class_list":["post-14014","post","type-post","status-publish","format-standard","hentry","category-cotidiano"],"_links":{"self":[{"href":"https:\/\/catolicanet.net\/wp-cnet\/wp-json\/wp\/v2\/posts\/14014","targetHints":{"allow":["GET"]}}],"collection":[{"href":"https:\/\/catolicanet.net\/wp-cnet\/wp-json\/wp\/v2\/posts"}],"about":[{"href":"https:\/\/catolicanet.net\/wp-cnet\/wp-json\/wp\/v2\/types\/post"}],"author":[{"embeddable":true,"href":"https:\/\/catolicanet.net\/wp-cnet\/wp-json\/wp\/v2\/users\/1"}],"replies":[{"embeddable":true,"href":"https:\/\/catolicanet.net\/wp-cnet\/wp-json\/wp\/v2\/comments?post=14014"}],"version-history":[{"count":1,"href":"https:\/\/catolicanet.net\/wp-cnet\/wp-json\/wp\/v2\/posts\/14014\/revisions"}],"predecessor-version":[{"id":24397,"href":"https:\/\/catolicanet.net\/wp-cnet\/wp-json\/wp\/v2\/posts\/14014\/revisions\/24397"}],"wp:attachment":[{"href":"https:\/\/catolicanet.net\/wp-cnet\/wp-json\/wp\/v2\/media?parent=14014"}],"wp:term":[{"taxonomy":"category","embeddable":true,"href":"https:\/\/catolicanet.net\/wp-cnet\/wp-json\/wp\/v2\/categories?post=14014"},{"taxonomy":"post_tag","embeddable":true,"href":"https:\/\/catolicanet.net\/wp-cnet\/wp-json\/wp\/v2\/tags?post=14014"}],"curies":[{"name":"wp","href":"https:\/\/api.w.org\/{rel}","templated":true}]}}