{"id":14012,"date":"2016-04-04T13:22:34","date_gmt":"2016-04-04T16:22:34","guid":{"rendered":"http:\/\/catolicanet.net\/wp-cnet\/2016\/04\/04\/papa-somos-chamados-a-tornar-nos-escritores-viventes-do-evangelho\/"},"modified":"2017-06-02T13:51:59","modified_gmt":"2017-06-02T16:51:59","slug":"papa-somos-chamados-a-tornar-nos-escritores-viventes-do-evangelho","status":"publish","type":"post","link":"https:\/\/catolicanet.net\/wp-cnet\/papa-somos-chamados-a-tornar-nos-escritores-viventes-do-evangelho\/","title":{"rendered":"Papa: somos chamados a tornar-nos escritores viventes do Evangelho"},"content":{"rendered":"<p style=\"text-align: justify;\"><img decoding=\"async\" src=\"http:\/\/catolicanet.com.br\/images\/stories\/geral\/ansa981293_articolo.jpg\" border=\"0\" align=\"left\" \/>O Evangelho da miseric\u00f3rdia procura \u201cbons samaritanos\u201d, pede servos generosos e alegres, que amam gratuitamente sem nada pretender em troca: foi o que disse o Papa Francisco na missa celebrada na manh\u00e3 deste II Domingo da P\u00e1scoa, festa da Divina Miseric\u00f3rdia.<\/p>\n<p>Ap\u00f3s a vig\u00edlia de ora\u00e7\u00e3o da tarde precedente, a Pra\u00e7a S\u00e3o Pedro voltou a lotar-se este domingo para a missa com o Santo Padre, na qual Francisco reiterou que \u201ctudo o que Jesus disse e fez \u00e9 express\u00e3o da miseric\u00f3rdia do Pai\u201d.<\/p>\n<p>O Evangelho \u00e9 o livro da miseric\u00f3rdia de Deus, disse o Papa, acrescentando que \u201co Evangelho da miseric\u00f3rdia permanece um livro aberto, onde se h\u00e1 de continuar a escrever os sinais dos disc\u00edpulos de Cristo, gestos concretos de amor, que s\u00e3o o melhor testemunho da miseric\u00f3rdia\u201d.<\/p>\n<p>\u201cTodos somos chamados a tornar-nos escritores viventes do Evangelho, portadores da Boa Nova a cada homem e mulher de hoje. Podemos faz\u00ea-lo praticando as obras corporais e espirituais de miseric\u00f3rdia, que s\u00e3o o estilo de vida do crist\u00e3o. Atrav\u00e9s destes gestos simples e vigorosos, mesmo se por vezes invis\u00edveis, podemos visitar aqueles que passam necessidade, levando a ternura e a consola\u00e7\u00e3o de Deus.\u201d<\/p>\n<p>Deste modo damos continuidade ao que fez Jesus no dia de P\u00e1scoa, \u201cquando derramou, nos cora\u00e7\u00f5es assustados dos disc\u00edpulos, a miseric\u00f3rdia do Pai, o Esp\u00edrito Santo que perdoa os pecados e d\u00e1 a alegria\u201d, frisou.<\/p>\n<p>Atendo-se ao Evangelho deste segundo domingo da P\u00e1scoa, no qual Jesus, oito dias ap\u00f3s sua Ressurrei\u00e7\u00e3o, apareceu a seus disc\u00edpulos, o Papa chamou a aten\u00e7\u00e3o para um contraste evidente: por um lado \u2013 disse \u2013, \u201ctemos o medo dos disc\u00edpulos, que fecham as portas da casa; por outro, temos a miss\u00e3o, por parte de Jesus, que os envia ao mundo para levarem o an\u00fancio do perd\u00e3o\u201d.<\/p>\n<p>O mesmo contraste pode verificar-se tamb\u00e9m em n\u00f3s: \u201cuma luta interior entre o fechamento do cora\u00e7\u00e3o e o chamado do amor para abrir as portas fechadas e sair de n\u00f3s mesmos\u201d, observou.<\/p>\n<p>Francisco ressaltou que a estrada que o Mestre ressuscitado nos aponta \u00e9 estrada de sentido \u00fanico, segue-se apenas numa dire\u00e7\u00e3o: \u201csair de n\u00f3s mesmos, para testemunhar a for\u00e7a sanadora do amor que nos conquistou. Muitas vezes vemos, diante de n\u00f3s, uma humanidade ferida e assustada, que tem as cicatrizes do sofrimento e da incerteza\u201d.<\/p>\n<p>Cada doen\u00e7a pode encontrar na miseric\u00f3rdia de Deus um aux\u00edlio eficaz. Com efeito, prosseguiu o Santo Padre, a sua miseric\u00f3rdia n\u00e3o se det\u00e9m \u00e0 dist\u00e2ncia: \u201cquer vir ao encontro de todas as pobrezas e libertar de tantas formas de escravid\u00e3o que afligem o nosso mundo. Quer alcan\u00e7ar as feridas de cada um, para medic\u00e1-las.\u201d<\/p>\n<p>\u201cSer ap\u00f3stolos de miseric\u00f3rdia significa tocar e acariciar as suas chagas, presentes hoje tamb\u00e9m no corpo e na alma de muitos dos seus irm\u00e3os e irm\u00e3s.\u201d<\/p>\n<p>O Papa disse ainda que ao cuidar destas chagas, professamos Jesus, tornamo-Lo presente e vivo; permitimos a outros que palpem a sua miseric\u00f3rdia, e O reconhe\u00e7am \u2018Senhor e Deus\u2019, como fez o ap\u00f3stolo Tom\u00e9.<\/p>\n<p>\u201cO Evangelho da miseric\u00f3rdia, que se deve anunciar e escrever na vida, procura pessoas com o cora\u00e7\u00e3o paciente e aberto, \u00abbons samaritanos\u00bb que conhecem a compaix\u00e3o e o sil\u00eancio perante o mist\u00e9rio do irm\u00e3o e da irm\u00e3; pede servos generosos e alegres, que amam gratuitamente sem nada pretender em troca.\u201d<\/p>\n<p>Ap\u00f3s lembrar a sauda\u00e7\u00e3o de paz que Cristo leva aos seus disc\u00edpulos, \u201cA paz esteja convosco!\u201d, e enfatizar que \u00e9 a mesma paz que esperam os homens do nosso tempo, o Papa caracterizou a paz de Cristo, aquela paz que somente Ele pode nos dar:<\/p>\n<p>\u201cN\u00e3o \u00e9 uma paz negociada, nem a suspens\u00e3o de algo errado: \u00e9 a sua paz, a paz que brota do cora\u00e7\u00e3o do Ressuscitado, a paz que venceu o pecado, a morte e o medo. \u00c9 a paz que n\u00e3o divide, mas une; \u00e9 a paz que n\u00e3o deixa sozinhos, mas faz-nos sentir acolhidos e amados; \u00e9 a paz que sobrevive no sofrimento e faz florescer a esperan\u00e7a. Esta paz, como no dia de P\u00e1scoa, nasce e renasce sempre do perd\u00e3o de Deus, que tira a ansiedade do cora\u00e7\u00e3o.\u201d<\/p>\n<p>\u201cSer portadora da sua paz: esta e a miss\u00e3o confiada \u00e0 Igreja no dia de P\u00e1scoa\u201d, disse o Pont\u00edfice, acrescentando que \u201cnascemos em Cristo como instrumentos de reconcilia\u00e7\u00e3o, para levar a todos o perd\u00e3o do Pai, para revelar o seu rosto de amor nos sinais da miseric\u00f3rdia\u201d.<\/p>\n<p>Por fim, lembrando que \u201cO amor do Senhor \u00e9 para sempre\u201d, proclamado no Salmo Responsorial da celebra\u00e7\u00e3o (Sl 117), enfatizou a certeza que temos de que \u201cDeus n\u00e3o nos abandona: permanece para sempre\u201d.<\/p>\n<p>Francisco pediu a gra\u00e7a de n\u00e3o nos cansarmos de tomar a miseric\u00f3rdia de Deus e lev\u00e1-la pelo mundo: \u201cpe\u00e7amos para sermos misericordiosos, a fim de irradiar por todo o lado a for\u00e7a do Evangelho, para escrever aquelas p\u00e1ginas do Evangelho que o ap\u00f3stolo Jo\u00e3o n\u00e3o escreveu\u201d, concluiu o Pont\u00edfice, aludindo \u00e0s palavras com as quais o \u2018disc\u00edpulo amado\u2019 encerra esta p\u00e1gina do Evangelho \u2013 \u201cMuitos outros sinais miraculosos realizou ainda Jesus, na presen\u00e7a dos seus disc\u00edpulos, que n\u00e3o est\u00e3o escritos neste livro\u201d, Jo 20, 30.<\/p>\n<p style=\"text-align: justify;\">Fonte: R\u00e1dio Vaticano<\/p>\n","protected":false},"excerpt":{"rendered":"<p>O Evangelho da miseric\u00f3rdia procura \u201cbons samaritanos\u201d, pede servos generosos e alegres, que amam gratuitamente sem nada pretender em troca: foi o que disse o Papa Francisco na missa celebrada na manh\u00e3 deste II Domingo da P\u00e1scoa, festa da Divina Miseric\u00f3rdia. Ap\u00f3s a vig\u00edlia de ora\u00e7\u00e3o da tarde precedente, a Pra\u00e7a S\u00e3o Pedro voltou a [&hellip;]<\/p>\n","protected":false},"author":1,"featured_media":0,"comment_status":"open","ping_status":"open","sticky":false,"template":"","format":"standard","meta":{"footnotes":""},"categories":[3],"tags":[],"class_list":["post-14012","post","type-post","status-publish","format-standard","hentry","category-vaticano"],"_links":{"self":[{"href":"https:\/\/catolicanet.net\/wp-cnet\/wp-json\/wp\/v2\/posts\/14012","targetHints":{"allow":["GET"]}}],"collection":[{"href":"https:\/\/catolicanet.net\/wp-cnet\/wp-json\/wp\/v2\/posts"}],"about":[{"href":"https:\/\/catolicanet.net\/wp-cnet\/wp-json\/wp\/v2\/types\/post"}],"author":[{"embeddable":true,"href":"https:\/\/catolicanet.net\/wp-cnet\/wp-json\/wp\/v2\/users\/1"}],"replies":[{"embeddable":true,"href":"https:\/\/catolicanet.net\/wp-cnet\/wp-json\/wp\/v2\/comments?post=14012"}],"version-history":[{"count":1,"href":"https:\/\/catolicanet.net\/wp-cnet\/wp-json\/wp\/v2\/posts\/14012\/revisions"}],"predecessor-version":[{"id":28520,"href":"https:\/\/catolicanet.net\/wp-cnet\/wp-json\/wp\/v2\/posts\/14012\/revisions\/28520"}],"wp:attachment":[{"href":"https:\/\/catolicanet.net\/wp-cnet\/wp-json\/wp\/v2\/media?parent=14012"}],"wp:term":[{"taxonomy":"category","embeddable":true,"href":"https:\/\/catolicanet.net\/wp-cnet\/wp-json\/wp\/v2\/categories?post=14012"},{"taxonomy":"post_tag","embeddable":true,"href":"https:\/\/catolicanet.net\/wp-cnet\/wp-json\/wp\/v2\/tags?post=14012"}],"curies":[{"name":"wp","href":"https:\/\/api.w.org\/{rel}","templated":true}]}}