{"id":14008,"date":"2016-04-04T13:02:13","date_gmt":"2016-04-04T16:02:13","guid":{"rendered":"http:\/\/catolicanet.net\/wp-cnet\/2016\/04\/04\/urgencia-e-equilibrio\/"},"modified":"2017-05-08T14:39:06","modified_gmt":"2017-05-08T17:39:06","slug":"urgencia-e-equilibrio","status":"publish","type":"post","link":"https:\/\/catolicanet.net\/wp-cnet\/urgencia-e-equilibrio\/","title":{"rendered":"Urg\u00eancia e equil\u00edbrio"},"content":{"rendered":"<p style=\"text-align: justify;\">O Brasil est\u00e1 precisando sair,\u00a0 urgentemente, da crise em que se encontra. Ela atingiu um n\u00edvel perigoso, que pede equil\u00edbrio e responsabilidade de todos, para que se evite, em absoluto, o risco de uma convuls\u00e3o social, que pode degenerar para a desordem e para a viol\u00eancia, com graves consequ\u00eancias para toda a na\u00e7\u00e3o. <br \/> A hora \u00e9 de grandeza de \u00e2nimo e de disposi\u00e7\u00e3o para o di\u00e1logo, e n\u00e3o para retalia\u00e7\u00f5es e repres\u00e1lias mesquinhas e irrespons\u00e1veis. <br \/> A gravidade da crise pede um novo patamar de entendimento pol\u00edtico, que garanta a possibilidade de um consenso maior, que resulte num projeto de enfrentamento global dos problemas gerados pela crise generalizada em que o pa\u00eds se v\u00ea envolvido. <br \/> Para chegarmos rapidamente a este novo consenso, se requer, indiscutivelmente, o respeito \u00e0 ordem constitucional, que se torna tanto mais necess\u00e1ria quanto mais grave for a situa\u00e7\u00e3o. <br \/> As normas constitucionais s\u00e3o refer\u00eancia indispens\u00e1vel, para se ter um ponto de partida firme e seguro para todos. <br \/> O respeito absoluto \u00e0 constitui\u00e7\u00e3o leva ao fulcro da crise pol\u00edtica em que o pa\u00eds foi mergulhado. <br \/> E\u00b4evidente e inequ\u00edvoco que a crise pol\u00edtica foi agudizada pela instaura\u00e7\u00e3o do processo de impeachment, hora em tramita\u00e7\u00e3o no Congresso Nacional. <br \/> Com clareza e lealdade, \u00e9 preciso constatar que este processo tem um equ\u00edvoco de origem, que o torna esp\u00fario e perverso. Pois ele foi introduzido como instrumento de repres\u00e1lia contra o Executivo por parte do Presidente da C\u00e2mara Federal, que usou do seu cargo para proteger interesses pessoais.<br \/> Al\u00e9m desta origem esp\u00faria, que por s\u00f3 j\u00e1 seria suficiente para sua rejei\u00e7\u00e3o, o processo de impeachment n\u00e3o tem consist\u00eancia objetiva. Pois n\u00e3o existe o que a Constitui\u00e7\u00e3o pede para estes casos, isto \u00e9, que tenha havido delitos graves e claros por parte do governante. As acusa\u00e7\u00f5es s\u00e3o inconsistentes. <br \/> Agora, criado o impasse, cabe ao Congresso Nacional encaminhar a sua solu\u00e7\u00e3o. Para que se saia rapidamente deste atoleiro pol\u00edtico em que a na\u00e7\u00e3o foi lan\u00e7ada de maneira irrespons\u00e1vel, o Congresso tem os instrumentos em suas m\u00e3os. <br \/> A solu\u00e7\u00e3o mais r\u00e1pida, e recomend\u00e1vel, \u00e9 que a pr\u00f3pria Comiss\u00e3o criada para analisar o pedido de impeachment o rejeite, e o elimine de vez, para deixar o campo livre para os urgentes entendimentos para a defini\u00e7\u00e3o de um amplo e generoso conjunto de medidas para o adequado enfrentamento desta crise, que amea\u00e7a o futuro do pa\u00eds. <br \/> O caminho constitucional est\u00e1 tra\u00e7ado. Cabe a cada um de n\u00f3s, mas sobretudo aos detentores dos Poderes P\u00fablicos, agir com lealdade e nobreza de \u00e2nimo, para o bem do povo brasileiro. <br \/> A crise traz os graves riscos que a acompanham. Mas oferece a oportunidade de deixar para a hist\u00f3ria o testemunho patri\u00f3tico de nossa gera\u00e7\u00e3o. <br \/> A hora \u00e9 agora. O Brasil precisa de nossa participa\u00e7\u00e3o l\u00facida e respons\u00e1vel.<\/p>\n","protected":false},"excerpt":{"rendered":"<p>O Brasil est\u00e1 precisando sair,\u00a0 urgentemente, da crise em que se encontra. Ela atingiu um n\u00edvel perigoso, que pede equil\u00edbrio e responsabilidade de todos, para que se evite, em absoluto, o risco de uma convuls\u00e3o social, que pode degenerar para a desordem e para a viol\u00eancia, com graves consequ\u00eancias para toda a na\u00e7\u00e3o. A hora [&hellip;]<\/p>\n","protected":false},"author":9,"featured_media":0,"comment_status":"open","ping_status":"open","sticky":false,"template":"","format":"standard","meta":{"footnotes":""},"categories":[9],"tags":[],"class_list":["post-14008","post","type-post","status-publish","format-standard","hentry","category-artigos"],"_links":{"self":[{"href":"https:\/\/catolicanet.net\/wp-cnet\/wp-json\/wp\/v2\/posts\/14008","targetHints":{"allow":["GET"]}}],"collection":[{"href":"https:\/\/catolicanet.net\/wp-cnet\/wp-json\/wp\/v2\/posts"}],"about":[{"href":"https:\/\/catolicanet.net\/wp-cnet\/wp-json\/wp\/v2\/types\/post"}],"author":[{"embeddable":true,"href":"https:\/\/catolicanet.net\/wp-cnet\/wp-json\/wp\/v2\/users\/9"}],"replies":[{"embeddable":true,"href":"https:\/\/catolicanet.net\/wp-cnet\/wp-json\/wp\/v2\/comments?post=14008"}],"version-history":[{"count":1,"href":"https:\/\/catolicanet.net\/wp-cnet\/wp-json\/wp\/v2\/posts\/14008\/revisions"}],"predecessor-version":[{"id":21616,"href":"https:\/\/catolicanet.net\/wp-cnet\/wp-json\/wp\/v2\/posts\/14008\/revisions\/21616"}],"wp:attachment":[{"href":"https:\/\/catolicanet.net\/wp-cnet\/wp-json\/wp\/v2\/media?parent=14008"}],"wp:term":[{"taxonomy":"category","embeddable":true,"href":"https:\/\/catolicanet.net\/wp-cnet\/wp-json\/wp\/v2\/categories?post=14008"},{"taxonomy":"post_tag","embeddable":true,"href":"https:\/\/catolicanet.net\/wp-cnet\/wp-json\/wp\/v2\/tags?post=14008"}],"curies":[{"name":"wp","href":"https:\/\/api.w.org\/{rel}","templated":true}]}}