{"id":14007,"date":"2016-04-01T18:18:58","date_gmt":"2016-04-01T21:18:58","guid":{"rendered":"http:\/\/catolicanet.net\/wp-cnet\/2016\/04\/01\/alunos-paranaenses-vao-realizar-acao-de-conscientizacao-sobre-o-cuidado-com-o-planeta\/"},"modified":"2017-05-31T11:14:54","modified_gmt":"2017-05-31T14:14:54","slug":"alunos-paranaenses-vao-realizar-acao-de-conscientizacao-sobre-o-cuidado-com-o-planeta","status":"publish","type":"post","link":"https:\/\/catolicanet.net\/wp-cnet\/alunos-paranaenses-vao-realizar-acao-de-conscientizacao-sobre-o-cuidado-com-o-planeta\/","title":{"rendered":"Alunos paranaenses v\u00e3o realizar a\u00e7\u00e3o de conscientiza\u00e7\u00e3o sobre o cuidado com o planeta"},"content":{"rendered":"<p style=\"text-align: justify;\">Atividades s\u00e3o inspiradas no tema da Campanha da Fraternidade Ecum\u00eanica 2016 <\/p>\n<p>Neste s\u00e1bado, 2 de abril, das 9h30 \u00e0s 11h30, cerca de 80 alunos do Col\u00e9gio Marista Paranaense estar\u00e3o no Bioparque, em S\u00e3o Jos\u00e9 dos Pinhais, para realizar a\u00e7\u00f5es de conscientiza\u00e7\u00e3o e mobiliza\u00e7\u00e3o sobre o cuidado com o planeta, abordando e sensibilizando os visitantes do parque, coletando res\u00edduos e materiais para posterior reuso e reciclagem e procedendo \u00e0 um exerc\u00edcio de reconhecimento e an\u00e1lise do ambiente.<\/p>\n<p>A a\u00e7\u00e3o faz parte do \u201cProjeto Campanha da Fraternidade\u201d, desenvolvido anualmente pelo Col\u00e9gio em conson\u00e2ncia com o tema da Campanha da Fraternidade, que \u00e9 proposta pela CNBB (Confer\u00eancia Nacional dos Bispos do Brasil) e que em 2016 \u00e9 ecum\u00eanica, com o tema \u201cCasa Comum, nossa responsabilidade\u201d, sinalizando para a import\u00e2ncia da quest\u00e3o ambiental e, mais especificamente, do saneamento b\u00e1sico.<\/p>\n<p>\u201cNosso objetivo \u00e9 o de sensibilizar e conscientizar a comunidade interna e externa acerca do tema da Campanha da Fraternidade 2016 tendo em vista atitudes b\u00e1sicas de cuidado com o meio ambiente. A participa\u00e7\u00e3o dos alunos \u00e9 fundamental, pois o processo de aprendizagem est\u00e1 essencialmente vinculado ao despertar do esp\u00edrito comunit\u00e1rio e ao protagonismo na busca do bem comum e de uma sociedade mais justa, solid\u00e1ria e fraterna\u201d, afirma Diogo Pessotto, coordenador de pastoral do Col\u00e9gio Marista Paranaense, do Grupo Marista.<\/p>\n<p>Durante a atividade no Bioparque, os alunos estar\u00e3o divididos em tr\u00eas principais a\u00e7\u00f5es: abordagem das pessoas, apresentando o tema \u201cCasa Comum, nossa responsabilidade\u201d e indicando a import\u00e2ncia das pr\u00e1ticas de cuidado com o planeta; coleta de \u00f3leo vegetal usado e garrafas pet para posterior reuso e reciclagem, respectivamente; e reconhecimento e an\u00e1lise do ambiente do parque e seu entorno pelos alunos do Clube de Ci\u00eancias do Col\u00e9gio.<\/p>\n<p>Segundo o coordenador, espera-se com essa a\u00e7\u00e3o, e com o Projeto Campanha da Fraternidade, a conscientiza\u00e7\u00e3o da comunidade sobre a import\u00e2ncia do saneamento b\u00e1sico, do manejo correto dos res\u00edduos s\u00f3lidos, do cuidado com a \u00e1gua e do consumo respons\u00e1vel, resultando em pr\u00e1ticas cotidianas de cuidado com a \u201cCasa Comum\u201d.<\/p>\n<p>Servi\u00e7o \u2013 A\u00e7\u00e3o de conscientiza\u00e7\u00e3o sobre o cuidado com o planeta no Bioparque<\/p>\n<p style=\"text-align: justify;\">Fonte: Jovens Conectados<\/p>\n","protected":false},"excerpt":{"rendered":"<p>Atividades s\u00e3o inspiradas no tema da Campanha da Fraternidade Ecum\u00eanica 2016 Neste s\u00e1bado, 2 de abril, das 9h30 \u00e0s 11h30, cerca de 80 alunos do Col\u00e9gio Marista Paranaense estar\u00e3o no Bioparque, em S\u00e3o Jos\u00e9 dos Pinhais, para realizar a\u00e7\u00f5es de conscientiza\u00e7\u00e3o e mobiliza\u00e7\u00e3o sobre o cuidado com o planeta, abordando e sensibilizando os visitantes do [&hellip;]<\/p>\n","protected":false},"author":1,"featured_media":0,"comment_status":"open","ping_status":"open","sticky":false,"template":"","format":"standard","meta":{"footnotes":""},"categories":[4],"tags":[],"class_list":["post-14007","post","type-post","status-publish","format-standard","hentry","category-cotidiano"],"_links":{"self":[{"href":"https:\/\/catolicanet.net\/wp-cnet\/wp-json\/wp\/v2\/posts\/14007","targetHints":{"allow":["GET"]}}],"collection":[{"href":"https:\/\/catolicanet.net\/wp-cnet\/wp-json\/wp\/v2\/posts"}],"about":[{"href":"https:\/\/catolicanet.net\/wp-cnet\/wp-json\/wp\/v2\/types\/post"}],"author":[{"embeddable":true,"href":"https:\/\/catolicanet.net\/wp-cnet\/wp-json\/wp\/v2\/users\/1"}],"replies":[{"embeddable":true,"href":"https:\/\/catolicanet.net\/wp-cnet\/wp-json\/wp\/v2\/comments?post=14007"}],"version-history":[{"count":1,"href":"https:\/\/catolicanet.net\/wp-cnet\/wp-json\/wp\/v2\/posts\/14007\/revisions"}],"predecessor-version":[{"id":26227,"href":"https:\/\/catolicanet.net\/wp-cnet\/wp-json\/wp\/v2\/posts\/14007\/revisions\/26227"}],"wp:attachment":[{"href":"https:\/\/catolicanet.net\/wp-cnet\/wp-json\/wp\/v2\/media?parent=14007"}],"wp:term":[{"taxonomy":"category","embeddable":true,"href":"https:\/\/catolicanet.net\/wp-cnet\/wp-json\/wp\/v2\/categories?post=14007"},{"taxonomy":"post_tag","embeddable":true,"href":"https:\/\/catolicanet.net\/wp-cnet\/wp-json\/wp\/v2\/tags?post=14007"}],"curies":[{"name":"wp","href":"https:\/\/api.w.org\/{rel}","templated":true}]}}