{"id":14006,"date":"2016-04-01T18:06:10","date_gmt":"2016-04-01T21:06:10","guid":{"rendered":"http:\/\/catolicanet.net\/wp-cnet\/2016\/04\/01\/diocese-de-taubate-realiza-jdj-2016-na-festa-da-misericordia\/"},"modified":"2017-05-31T11:14:54","modified_gmt":"2017-05-31T14:14:54","slug":"diocese-de-taubate-realiza-jdj-2016-na-festa-da-misericordia","status":"publish","type":"post","link":"https:\/\/catolicanet.net\/wp-cnet\/diocese-de-taubate-realiza-jdj-2016-na-festa-da-misericordia\/","title":{"rendered":"Diocese de Taubat\u00e9 realiza JDJ 2016 na Festa da Miseric\u00f3rdia"},"content":{"rendered":"<p style=\"text-align: justify;\"><img decoding=\"async\" src=\"http:\/\/catolicanet.com.br\/images\/stories\/geral\/12832568_.jpg\" border=\"0\" align=\"left\" \/>O Setor Diocesano da Juventude de Taubat\u00e9 realizar\u00e1 nesse domingo a edi\u00e7\u00e3o 2016 da Jornada Diocesana da Juventude, atendendo o pedido do Papa Francisco de preparar e motivar os jovens para Jornada Mundial que acontece esse ano na Pol\u00f4nia.<\/p>\n<p>O tema da JDJ 2016 \u00e9 \u201cBem aventurado os misericordiosos, porque eles alcan\u00e7ar\u00e3o miseric\u00f3rdia\u201d (Mt 5,8) e fecha a s\u00e9rie de temas propostos pelo Papa Francisco em 2014.<\/p>\n<p>Segundo a comiss\u00e3o do Setor Juventude, s\u00e3o aguardados mais de duzentos jovens, vindos das onze cidades da Diocese de Taubat\u00e9.<\/p>\n<p>A programa\u00e7\u00e3o para o dia est\u00e1 dividida em dois momentos. Durante a manh\u00e3, o evento ter\u00e1 adora\u00e7\u00e3o e ben\u00e7\u00e3o do Sant\u00edssimo Sacramento, teatro, Celebra\u00e7\u00e3o da Miseric\u00f3rdia, al\u00e9m de toda a festa da juventude. A partir das duas horas da tarde os jovens sair\u00e3o em caminhada, carregando as r\u00e9plicas da Cruz e do \u00cdcone de Nossa Senhora, s\u00edmbolos da JMJ, rumo a Avenida do Povo onde\u00a0 toda a Diocese estar\u00e1 reunida para a Celebra\u00e7\u00e3o da Unidade Diocesana. Uma grande festa est\u00e1 sendo organizada para esse dia\u00a0 na Par\u00f3quia S\u00e3o Jo\u00e3o Bosco na cidade de Taubat\u00e9, local onde os jovens ser\u00e3o recebidos.<\/p>\n<p>A JDJs s\u00e3o celebradas geralmente no Domingo de Ramos podendo ser alterada a partir da realidade de cada diocese. Por ocasi\u00e3o do Ano da Miseric\u00f3rdia, a comiss\u00e3o de juventude da diocese escolheu celebrar a Jornada no dia dedicado a Festa da Miseric\u00f3rdia.<\/p>\n<p>Por Setor Diocesano da Juventude de Taubat\u00e9 \u2013 SP<\/p>\n<p style=\"text-align: justify;\">Fonte: Jovens Conectados<\/p>\n","protected":false},"excerpt":{"rendered":"<p>O Setor Diocesano da Juventude de Taubat\u00e9 realizar\u00e1 nesse domingo a edi\u00e7\u00e3o 2016 da Jornada Diocesana da Juventude, atendendo o pedido do Papa Francisco de preparar e motivar os jovens para Jornada Mundial que acontece esse ano na Pol\u00f4nia. O tema da JDJ 2016 \u00e9 \u201cBem aventurado os misericordiosos, porque eles alcan\u00e7ar\u00e3o miseric\u00f3rdia\u201d (Mt 5,8) [&hellip;]<\/p>\n","protected":false},"author":1,"featured_media":0,"comment_status":"open","ping_status":"open","sticky":false,"template":"","format":"standard","meta":{"footnotes":""},"categories":[4],"tags":[],"class_list":["post-14006","post","type-post","status-publish","format-standard","hentry","category-cotidiano"],"_links":{"self":[{"href":"https:\/\/catolicanet.net\/wp-cnet\/wp-json\/wp\/v2\/posts\/14006","targetHints":{"allow":["GET"]}}],"collection":[{"href":"https:\/\/catolicanet.net\/wp-cnet\/wp-json\/wp\/v2\/posts"}],"about":[{"href":"https:\/\/catolicanet.net\/wp-cnet\/wp-json\/wp\/v2\/types\/post"}],"author":[{"embeddable":true,"href":"https:\/\/catolicanet.net\/wp-cnet\/wp-json\/wp\/v2\/users\/1"}],"replies":[{"embeddable":true,"href":"https:\/\/catolicanet.net\/wp-cnet\/wp-json\/wp\/v2\/comments?post=14006"}],"version-history":[{"count":1,"href":"https:\/\/catolicanet.net\/wp-cnet\/wp-json\/wp\/v2\/posts\/14006\/revisions"}],"predecessor-version":[{"id":26228,"href":"https:\/\/catolicanet.net\/wp-cnet\/wp-json\/wp\/v2\/posts\/14006\/revisions\/26228"}],"wp:attachment":[{"href":"https:\/\/catolicanet.net\/wp-cnet\/wp-json\/wp\/v2\/media?parent=14006"}],"wp:term":[{"taxonomy":"category","embeddable":true,"href":"https:\/\/catolicanet.net\/wp-cnet\/wp-json\/wp\/v2\/categories?post=14006"},{"taxonomy":"post_tag","embeddable":true,"href":"https:\/\/catolicanet.net\/wp-cnet\/wp-json\/wp\/v2\/tags?post=14006"}],"curies":[{"name":"wp","href":"https:\/\/api.w.org\/{rel}","templated":true}]}}