{"id":14005,"date":"2016-04-01T17:59:45","date_gmt":"2016-04-01T20:59:45","guid":{"rendered":"http:\/\/catolicanet.net\/wp-cnet\/2016\/04\/01\/papa-encontra-crianca-com-doenca-rara-e-encoraja-os-pais\/"},"modified":"2017-06-02T11:48:10","modified_gmt":"2017-06-02T14:48:10","slug":"papa-encontra-crianca-com-doenca-rara-e-encoraja-os-pais","status":"publish","type":"post","link":"https:\/\/catolicanet.net\/wp-cnet\/papa-encontra-crianca-com-doenca-rara-e-encoraja-os-pais\/","title":{"rendered":"Papa encontra crian\u00e7a com doen\u00e7a rara e encoraja os pais"},"content":{"rendered":"<p style=\"text-align: justify;\"><img decoding=\"async\" src=\"http:\/\/catolicanet.com.br\/images\/stories\/geral\/rv14555_articolo.jpg\" border=\"0\" align=\"left\" \/>O Papa Francisco recebeu na quarta-feira (30), em audi\u00eancia privada na Casa Santa Marta, no Vaticano, o pequeno Ignazio Fucci e a sua fam\u00edlia. A crian\u00e7a de 8 anos tem uma doen\u00e7a rara, com registros de apenas 40 casos no mundo.<\/p>\n<p>Ignazio, semanas atr\u00e1s, tinha escrito uma carta ao Papa, pedindo de rezar por ele. O Santo Padre respondeu, convidando a encontr\u00e1-lo em privado, j\u00e1 que o pequeno n\u00e3o pode frequentar lugares aglomerados por causa do transplante.<\/p>\n<p>Ignazio foi a primeira crian\u00e7a na It\u00e1lia a se submeter a transplante de medula doada pela m\u00e3e. Desde outubro de 2014 ele e a fam\u00edlia s\u00e3o h\u00f3spedes da Casa Bernadete, uma estrutura administrada pelo \u201cProjeto Bambini\u201d da Uni\u00e3o Nacional Italiana de Transporte de Doentes a Lourdes e Santu\u00e1rios Internacionais (Unitalsi) que acolhe gratuitamente as fam\u00edlias que t\u00eam crian\u00e7as internadas ou em tratamento no Hospital Bambino Ges\u00f9, em Roma.<\/p>\n<p>Na audi\u00eancia privada tamb\u00e9m estava presente o presidente da Unitalsi da capital italiana, Emanuele Trancalini, que falou \u00e0 R\u00e1dio Vaticano sobre o encontro entre o Papa Francisco e o pequeno Ignazio.<\/p>\n<p>Trancalini \u2013 Foi realmente um momento de muita como\u00e7\u00e3o. Imaginem que se trata de uma fam\u00edlia que sofre h\u00e1 alguns anos e que, a um certo ponto, pensou at\u00e9 que a vida do filho tinha terminado, e agora se v\u00ea encontrando o Santo Padre, que os escuta. O que realmente \u00e9 especial \u00e9 este grande amor do Papa Francisco por essas situa\u00e7\u00f5es de sofrimento. Eu percebi que ele estava muito comovido e emocionado.<\/p>\n<p>RV \u2013 Papa Francisco, recentemente, respondendo \u00e0 pergunta de uma crian\u00e7a, sublinhava que, se pudesse fazer um milagre, se pudesse escolher, curaria todas as crian\u00e7as. Ele sente esse sofrimento inexplic\u00e1vel, ele mesmo diz, mesmo atrav\u00e9s dos olhos da f\u00e9 de uma crian\u00e7a que tem uma doen\u00e7a grave&#8230;<\/p>\n<p>Trancalini \u2013 Ele disse mais de uma vez de se questionar o porqu\u00ea desse sofrimento, e isso o faz muito humano. Ontem n\u00f3s vimos essa grande aten\u00e7\u00e3o e esse seu sofrimento, como tamb\u00e9m quando ouviu a hist\u00f3ria dessa crian\u00e7a. Ele deu coragem \u00e0 fam\u00edlia que, a uma certa altura, disse: \u201cPapa Francisco, n\u00f3s chegamos a ficar chateados com Deus por um per\u00edodo pela situa\u00e7\u00e3o em que nos encontramos\u201d. Devo dizer que Papa Francisco foi muito afetuoso, procurou tranquiliz\u00e1-los. A fam\u00edlia se sentia quase em culpa por isso. Ele os tranquilizou, dizendo para transformar tamb\u00e9m isso em ora\u00e7\u00e3o e pedir a for\u00e7a e a coragem. Foram momentos de puro afeto.<\/p>\n<p>RV \u2013 O encontro de ontem e todos aqueles em que Francisco passa com os doentes e deficientes entra no contexto do Jubileu da Miseric\u00f3rdia&#8230;<\/p>\n<p>Trancalini \u2013 Absolutamente. De fato \u00e9 isso que foi enaltecido do encontro com essa fam\u00edlia. Eu fiquei com eles durante o dia e o pai de Ignazio, a uma altura, disse: \u201cEmanuele, mas o Papa estava nos ouvindo? Estava ali com a gente? Ele nos ouvia?&#8230; Estava interessado \u00e0quilo que fal\u00e1vamos!\u201d. Estavam encorajados com aquilo, com a considera\u00e7\u00e3o, o ser ouvido. Acredito que, no final, perante a doen\u00e7a, somos todos um pouco impotentes. Acredito que isso tenha dado a eles uma grande for\u00e7a. Poderia dizer que esse \u00e9 um dos grandes sinais do Jubileu da Miseric\u00f3rdia!<\/p>\n<p style=\"text-align: justify;\">Fonte: R\u00e1dio Vaticano<\/p>\n","protected":false},"excerpt":{"rendered":"<p>O Papa Francisco recebeu na quarta-feira (30), em audi\u00eancia privada na Casa Santa Marta, no Vaticano, o pequeno Ignazio Fucci e a sua fam\u00edlia. A crian\u00e7a de 8 anos tem uma doen\u00e7a rara, com registros de apenas 40 casos no mundo. Ignazio, semanas atr\u00e1s, tinha escrito uma carta ao Papa, pedindo de rezar por ele. [&hellip;]<\/p>\n","protected":false},"author":1,"featured_media":0,"comment_status":"open","ping_status":"open","sticky":false,"template":"","format":"standard","meta":{"footnotes":""},"categories":[3],"tags":[],"class_list":["post-14005","post","type-post","status-publish","format-standard","hentry","category-vaticano"],"_links":{"self":[{"href":"https:\/\/catolicanet.net\/wp-cnet\/wp-json\/wp\/v2\/posts\/14005","targetHints":{"allow":["GET"]}}],"collection":[{"href":"https:\/\/catolicanet.net\/wp-cnet\/wp-json\/wp\/v2\/posts"}],"about":[{"href":"https:\/\/catolicanet.net\/wp-cnet\/wp-json\/wp\/v2\/types\/post"}],"author":[{"embeddable":true,"href":"https:\/\/catolicanet.net\/wp-cnet\/wp-json\/wp\/v2\/users\/1"}],"replies":[{"embeddable":true,"href":"https:\/\/catolicanet.net\/wp-cnet\/wp-json\/wp\/v2\/comments?post=14005"}],"version-history":[{"count":1,"href":"https:\/\/catolicanet.net\/wp-cnet\/wp-json\/wp\/v2\/posts\/14005\/revisions"}],"predecessor-version":[{"id":28314,"href":"https:\/\/catolicanet.net\/wp-cnet\/wp-json\/wp\/v2\/posts\/14005\/revisions\/28314"}],"wp:attachment":[{"href":"https:\/\/catolicanet.net\/wp-cnet\/wp-json\/wp\/v2\/media?parent=14005"}],"wp:term":[{"taxonomy":"category","embeddable":true,"href":"https:\/\/catolicanet.net\/wp-cnet\/wp-json\/wp\/v2\/categories?post=14005"},{"taxonomy":"post_tag","embeddable":true,"href":"https:\/\/catolicanet.net\/wp-cnet\/wp-json\/wp\/v2\/tags?post=14005"}],"curies":[{"name":"wp","href":"https:\/\/api.w.org\/{rel}","templated":true}]}}