{"id":13999,"date":"2016-04-01T13:52:51","date_gmt":"2016-04-01T16:52:51","guid":{"rendered":"http:\/\/catolicanet.net\/wp-cnet\/2016\/04\/01\/paquistao-qtemos-que-seguir-adiante-e-carregar-nossa-cruzq\/"},"modified":"2017-05-31T11:14:55","modified_gmt":"2017-05-31T14:14:55","slug":"paquistao-qtemos-que-seguir-adiante-e-carregar-nossa-cruzq","status":"publish","type":"post","link":"https:\/\/catolicanet.net\/wp-cnet\/paquistao-qtemos-que-seguir-adiante-e-carregar-nossa-cruzq\/","title":{"rendered":"Paquist\u00e3o: &#8220;Temos que seguir adiante e carregar nossa Cruz&#8221;"},"content":{"rendered":"<p style=\"text-align: justify;\"><img decoding=\"async\" src=\"http:\/\/catolicanet.com.br\/images\/stories\/geral\/f44997cb312b.jpg\" border=\"0\" align=\"left\" \/>Paquist\u00e3o: &quot;Temos que seguir adiante e carregar nossa Cruz&quot;<\/p>\n<p>&#8220;Visitei cada leito e cada v\u00edtimas, independentemente da sua f\u00e9. Foi realmente dif\u00edcil, porque vi tantas crian\u00e7as de apenas quatro ou cinco anos de idade, crist\u00e3s e mu\u00e7ulmanas, que haviam sido feridas ou mortas por este terr\u00edvel ataque&#8221;.<\/p>\n<p>As palavras s\u00e3o de Dom Sebastian Francis Shah, arcebispo de Lahore, Paquist\u00e3o, que falou com exclusividade \u00e0 Ajuda \u00e0 Igreja que Sofre (ACN) logo ap\u00f3s o ataque, por volta das 18h30, hora local, do Domingo de P\u00e1scoa, em um parque p\u00fablico em Lahore, a capital da prov\u00edncia paquistan\u00easa de Punjab.<\/p>\n<p>O arcebispo falou com a ACN ap\u00f3s retornar do hospital onde ele havia visitado a maior parte das mais de 300 v\u00edtimas feridas no ataque. Assim como as fam\u00edlias das 72 pessoas que foram mortas, dentre elas, 30 crian\u00e7as. Dom Shah ainda confirmou o fato de que, para a comunidade crist\u00e3 no Paquist\u00e3o, em dias especiais de festa, como Natal e P\u00e1scoa, \u00e9 costume para as pessoas ap\u00f3s a Santa Missa e depois de comer juntos em fam\u00edlia sair em grupos familiares para um passeio no parque para continuar as festividades: &#8220;Depois dos ataques no ano passado em duas igrejas crist\u00e3s no bairro de Youhanabad, est\u00e1vamos com medo de que poderia haver outro ataque e, por esta raz\u00e3o, o governo havia fornecido todas as medidas de seguran\u00e7a necess\u00e1rias para proteger as igrejas, mas ningu\u00e9m tinha pensado sobre o parque&#8221;, acrescentou.<\/p>\n<p>Na tarde do S\u00e1bado Santo, as autoridades locais haviam at\u00e9 emitido um comunicado a fim de organizar as medidas de seguran\u00e7a necess\u00e1rias. O Arcebispo Dom Shah acredita que a comunidade crist\u00e3 era o alvo dos ataques, mas, ao mesmo tempo, ele sublinhou que havia tamb\u00e9m muitos mu\u00e7ulmanos entre os mortos e feridos. O arcebispo igualmente expressou suas condol\u00eancias para essas v\u00edtimas mu\u00e7ulmanas. &#8220;Para os meus pr\u00f3prios fi\u00e9is, disse que eles n\u00e3o devem perder a esperan\u00e7a porque, ainda que atravessando um per\u00edodo de grandes dificuldades, temos que aprender a nos levantar novamente, assim como Cristo soube levantar-se ao carregar a cruz. N\u00f3s tamb\u00e9m devemos ser capazes de continuar caminhando apesar do peso da cruz, porque Deus est\u00e1 e sempre estar\u00e1 conosco.&#8221;<\/p>\n<p>Tamb\u00e9m falando de Lahore ao telefone com a ACN, Peter Jacob, o ex-diretor da Comiss\u00e3o de Justi\u00e7a e Paz do Paquist\u00e3o, confirmou que os terroristas tinham procurado fazer o maior n\u00famero poss\u00edvel de v\u00edtimas e, em particular, queriam atingir a comunidade crist\u00e3. Ao mesmo tempo, ele enfatizou que \u00e9 necess\u00e1rio um maior esfor\u00e7o por parte do ex\u00e9rcito paquistan\u00eas e do governo para enfrentar o terrorismo e ele n\u00e3o exclui a possibilidade de que a escolha do Gulshan-i-Iqbal Park, n\u00e3o muito longe da casa da fam\u00edlia do primeiro Ministro Nawaz Sharif, poderia ter sido uma mensagem dirigida a ele. &#8220;Esta \u00e9 a cidade dele e seu irm\u00e3o, Shahbaz Sharif, tamb\u00e9m vive aqui&#8221;, observou ele, &#8220;portanto, n\u00e3o podemos excluir a possibilidade de que os terroristas queriam de alguma forma enviar um aviso para as autoridades.&#8221;<\/p>\n<p>O ataque tamb\u00e9m pode ter sido ligado \u00e0s tens\u00f5es graves que se seguiram a recente execu\u00e7\u00e3o de Mumtaz Qadri, que em 2011 assassinou o governador de Punjab, Salmaan Taseer, que era &#8220;culpado&#8221; aos seus olhos por ter criticado as leis anti-blasf\u00eamia do Paquist\u00e3o. Qadri foi visto por muitos dos seus seguidores como um &#8220;her\u00f3i&#8221; por defender que se matasse &#8220;de forma justa os bl\u00e1sfemos&#8221;. Por esta raz\u00e3o sua execu\u00e7\u00e3o havia sido adiada por um longo tempo. Sua execu\u00e7\u00e3o foi seguida por numerosos protestos em todo o pa\u00eds. &#8220;N\u00e3o podemos excluir uma determinada liga\u00e7\u00e3o ideol\u00f3gica entre as manifesta\u00e7\u00f5es e os assassinos neste caso&#8221;, Peter Jacob afirma.<\/p>\n<p style=\"text-align: justify;\">Fonte: AIS<\/p>\n","protected":false},"excerpt":{"rendered":"<p>Paquist\u00e3o: &quot;Temos que seguir adiante e carregar nossa Cruz&quot; &#8220;Visitei cada leito e cada v\u00edtimas, independentemente da sua f\u00e9. Foi realmente dif\u00edcil, porque vi tantas crian\u00e7as de apenas quatro ou cinco anos de idade, crist\u00e3s e mu\u00e7ulmanas, que haviam sido feridas ou mortas por este terr\u00edvel ataque&#8221;. As palavras s\u00e3o de Dom Sebastian Francis Shah, [&hellip;]<\/p>\n","protected":false},"author":1,"featured_media":0,"comment_status":"open","ping_status":"open","sticky":false,"template":"","format":"standard","meta":{"footnotes":""},"categories":[4],"tags":[],"class_list":["post-13999","post","type-post","status-publish","format-standard","hentry","category-cotidiano"],"_links":{"self":[{"href":"https:\/\/catolicanet.net\/wp-cnet\/wp-json\/wp\/v2\/posts\/13999","targetHints":{"allow":["GET"]}}],"collection":[{"href":"https:\/\/catolicanet.net\/wp-cnet\/wp-json\/wp\/v2\/posts"}],"about":[{"href":"https:\/\/catolicanet.net\/wp-cnet\/wp-json\/wp\/v2\/types\/post"}],"author":[{"embeddable":true,"href":"https:\/\/catolicanet.net\/wp-cnet\/wp-json\/wp\/v2\/users\/1"}],"replies":[{"embeddable":true,"href":"https:\/\/catolicanet.net\/wp-cnet\/wp-json\/wp\/v2\/comments?post=13999"}],"version-history":[{"count":1,"href":"https:\/\/catolicanet.net\/wp-cnet\/wp-json\/wp\/v2\/posts\/13999\/revisions"}],"predecessor-version":[{"id":26229,"href":"https:\/\/catolicanet.net\/wp-cnet\/wp-json\/wp\/v2\/posts\/13999\/revisions\/26229"}],"wp:attachment":[{"href":"https:\/\/catolicanet.net\/wp-cnet\/wp-json\/wp\/v2\/media?parent=13999"}],"wp:term":[{"taxonomy":"category","embeddable":true,"href":"https:\/\/catolicanet.net\/wp-cnet\/wp-json\/wp\/v2\/categories?post=13999"},{"taxonomy":"post_tag","embeddable":true,"href":"https:\/\/catolicanet.net\/wp-cnet\/wp-json\/wp\/v2\/tags?post=13999"}],"curies":[{"name":"wp","href":"https:\/\/api.w.org\/{rel}","templated":true}]}}