{"id":13994,"date":"2016-03-31T19:32:56","date_gmt":"2016-03-31T22:32:56","guid":{"rendered":"http:\/\/catolicanet.net\/wp-cnet\/2016\/03\/31\/leiloado-em-beneficencia-fiat-usado-pelo-papa-em-ny\/"},"modified":"2017-05-30T09:29:53","modified_gmt":"2017-05-30T12:29:53","slug":"leiloado-em-beneficencia-fiat-usado-pelo-papa-em-ny","status":"publish","type":"post","link":"https:\/\/catolicanet.net\/wp-cnet\/leiloado-em-beneficencia-fiat-usado-pelo-papa-em-ny\/","title":{"rendered":"Leiloado em benefic\u00eancia Fiat usado pelo Papa em NY"},"content":{"rendered":"<p style=\"text-align: justify;\"><img decoding=\"async\" src=\"http:\/\/catolicanet.com.br\/images\/stories\/geral\/reuters1216390_articolo.jpg\" border=\"0\" align=\"left\" \/>A Arquidiocese de Nova York colocou \u00e0 venda em leil\u00e3o um dos dois Fiat 500L usados pelo Papa durante sua visita \u00e0 cidade, em setembro passado. A oferta inicial foi de 195 mil d\u00f3lares. No site Charitybuzz, que promoveu o leil\u00e3o, o ve\u00edculo \u00e9 descrito como \u201cde alta efici\u00eancia energ\u00e9tica, com teto fixo de vidro e assentos \u2018premium\u2019\u201d. Com o carro, ser\u00e1 entregue ao comprador um atestado da Arquidiocese de Nova York confirmando que o Papa realmente o utilizou em sua movimenta\u00e7\u00e3o na cidade. <\/p>\n<p>A arrecada\u00e7\u00e3o do leil\u00e3o ser\u00e1 destinada \u00e0s escolas cat\u00f3licas da diocese e a duas ag\u00eancias internacionais de caridade: Catholic Relief Services e Catholic Near East Welfare Association.<\/p>\n<p style=\"text-align: justify;\">O leil\u00e3o de Nova York segue o de janeiro passado, quando o Fiat usado em Filad\u00e9lfia foi arrebatado por 82 mil d\u00f3lares. O pre\u00e7o base de um ve\u00edculo como este \u00e9 de 24.695 d\u00f3lares.<\/p>\n<p style=\"text-align: justify;\">Fonte: R\u00e1dio Vaticano<\/p>\n","protected":false},"excerpt":{"rendered":"<p>A Arquidiocese de Nova York colocou \u00e0 venda em leil\u00e3o um dos dois Fiat 500L usados pelo Papa durante sua visita \u00e0 cidade, em setembro passado. A oferta inicial foi de 195 mil d\u00f3lares. No site Charitybuzz, que promoveu o leil\u00e3o, o ve\u00edculo \u00e9 descrito como \u201cde alta efici\u00eancia energ\u00e9tica, com teto fixo de vidro [&hellip;]<\/p>\n","protected":false},"author":1,"featured_media":0,"comment_status":"open","ping_status":"open","sticky":false,"template":"","format":"standard","meta":{"footnotes":""},"categories":[4],"tags":[],"class_list":["post-13994","post","type-post","status-publish","format-standard","hentry","category-cotidiano"],"_links":{"self":[{"href":"https:\/\/catolicanet.net\/wp-cnet\/wp-json\/wp\/v2\/posts\/13994","targetHints":{"allow":["GET"]}}],"collection":[{"href":"https:\/\/catolicanet.net\/wp-cnet\/wp-json\/wp\/v2\/posts"}],"about":[{"href":"https:\/\/catolicanet.net\/wp-cnet\/wp-json\/wp\/v2\/types\/post"}],"author":[{"embeddable":true,"href":"https:\/\/catolicanet.net\/wp-cnet\/wp-json\/wp\/v2\/users\/1"}],"replies":[{"embeddable":true,"href":"https:\/\/catolicanet.net\/wp-cnet\/wp-json\/wp\/v2\/comments?post=13994"}],"version-history":[{"count":1,"href":"https:\/\/catolicanet.net\/wp-cnet\/wp-json\/wp\/v2\/posts\/13994\/revisions"}],"predecessor-version":[{"id":24401,"href":"https:\/\/catolicanet.net\/wp-cnet\/wp-json\/wp\/v2\/posts\/13994\/revisions\/24401"}],"wp:attachment":[{"href":"https:\/\/catolicanet.net\/wp-cnet\/wp-json\/wp\/v2\/media?parent=13994"}],"wp:term":[{"taxonomy":"category","embeddable":true,"href":"https:\/\/catolicanet.net\/wp-cnet\/wp-json\/wp\/v2\/categories?post=13994"},{"taxonomy":"post_tag","embeddable":true,"href":"https:\/\/catolicanet.net\/wp-cnet\/wp-json\/wp\/v2\/tags?post=13994"}],"curies":[{"name":"wp","href":"https:\/\/api.w.org\/{rel}","templated":true}]}}