{"id":13989,"date":"2016-03-31T14:28:41","date_gmt":"2016-03-31T17:28:41","guid":{"rendered":"http:\/\/catolicanet.net\/wp-cnet\/2016\/03\/31\/niger-seis-soldados-morrem-em-ataque-do-boko-haram\/"},"modified":"2017-06-02T11:23:54","modified_gmt":"2017-06-02T14:23:54","slug":"niger-seis-soldados-morrem-em-ataque-do-boko-haram","status":"publish","type":"post","link":"https:\/\/catolicanet.net\/wp-cnet\/niger-seis-soldados-morrem-em-ataque-do-boko-haram\/","title":{"rendered":"Niger: seis soldados morrem em ataque do Boko Haram"},"content":{"rendered":"<p style=\"text-align: justify;\"><img decoding=\"async\" src=\"http:\/\/catolicanet.com.br\/images\/stories\/geral\/afp5147387_articolo.jpg\" border=\"0\" align=\"left\" \/>Seis soldados nigerianos morreram, e outros tr\u00eas ficaram feridos, nesta quarta-feira, no sudeste do N\u00edger, num ataque atribu\u00eddo aos islamitas nigerianos do Boko Haram &#8211; de acordo com um comunicado do Minist\u00e9rio do Interior lido na r\u00e1dio estatal.<\/p>\n<p>Os militares foram mortos numa &#8220;emboscada&#8221; \u00e0s 2h (hor\u00e1rio de Bras\u00edlia) armada por &#8220;terroristas do Boko Haram&#8221; contra uma patrulha militar a 20 km da cidade de Diffa, capital regional do sudeste nigerino, perto da Nig\u00e9ria, detalhou o comunicado.<\/p>\n<p>Em 17 de Mar\u00e7o, tr\u00eas dias antes das elei\u00e7\u00f5es presidenciais, um comandante do Ex\u00e9rcito morreu num ataque de suicidas cometido no mesmo sector.<\/p>\n<p>Nessa mesma data, tr\u00eas gendarmes morreram no oeste do N\u00edger, atribu\u00eddo \u00e0 Al-Qaeda no Magreb Isl\u00e2mico (Aqmi).<\/p>\n<p>Desde Fevereiro de 2015, o N\u00edger sofre os ataques incessantes do Boko Haram, a partir de seus redutos na vizinha Nig\u00e9ria.<\/p>\n<p style=\"text-align: justify;\">Fonte: R\u00e1dio Vaticano<\/p>\n","protected":false},"excerpt":{"rendered":"<p>Seis soldados nigerianos morreram, e outros tr\u00eas ficaram feridos, nesta quarta-feira, no sudeste do N\u00edger, num ataque atribu\u00eddo aos islamitas nigerianos do Boko Haram &#8211; de acordo com um comunicado do Minist\u00e9rio do Interior lido na r\u00e1dio estatal. Os militares foram mortos numa &#8220;emboscada&#8221; \u00e0s 2h (hor\u00e1rio de Bras\u00edlia) armada por &#8220;terroristas do Boko Haram&#8221; [&hellip;]<\/p>\n","protected":false},"author":1,"featured_media":0,"comment_status":"open","ping_status":"open","sticky":false,"template":"","format":"standard","meta":{"footnotes":""},"categories":[3],"tags":[],"class_list":["post-13989","post","type-post","status-publish","format-standard","hentry","category-vaticano"],"_links":{"self":[{"href":"https:\/\/catolicanet.net\/wp-cnet\/wp-json\/wp\/v2\/posts\/13989","targetHints":{"allow":["GET"]}}],"collection":[{"href":"https:\/\/catolicanet.net\/wp-cnet\/wp-json\/wp\/v2\/posts"}],"about":[{"href":"https:\/\/catolicanet.net\/wp-cnet\/wp-json\/wp\/v2\/types\/post"}],"author":[{"embeddable":true,"href":"https:\/\/catolicanet.net\/wp-cnet\/wp-json\/wp\/v2\/users\/1"}],"replies":[{"embeddable":true,"href":"https:\/\/catolicanet.net\/wp-cnet\/wp-json\/wp\/v2\/comments?post=13989"}],"version-history":[{"count":1,"href":"https:\/\/catolicanet.net\/wp-cnet\/wp-json\/wp\/v2\/posts\/13989\/revisions"}],"predecessor-version":[{"id":28180,"href":"https:\/\/catolicanet.net\/wp-cnet\/wp-json\/wp\/v2\/posts\/13989\/revisions\/28180"}],"wp:attachment":[{"href":"https:\/\/catolicanet.net\/wp-cnet\/wp-json\/wp\/v2\/media?parent=13989"}],"wp:term":[{"taxonomy":"category","embeddable":true,"href":"https:\/\/catolicanet.net\/wp-cnet\/wp-json\/wp\/v2\/categories?post=13989"},{"taxonomy":"post_tag","embeddable":true,"href":"https:\/\/catolicanet.net\/wp-cnet\/wp-json\/wp\/v2\/tags?post=13989"}],"curies":[{"name":"wp","href":"https:\/\/api.w.org\/{rel}","templated":true}]}}