{"id":13979,"date":"2016-03-30T17:38:32","date_gmt":"2016-03-30T20:38:32","guid":{"rendered":"http:\/\/catolicanet.net\/wp-cnet\/2016\/03\/30\/padre-libanes-fala-sobre-o-estado-islamico-a-perseguicao-aos-cristaos-e-as-relacoes-entre-cristaos-no-oriente-medio\/"},"modified":"2017-05-30T09:31:31","modified_gmt":"2017-05-30T12:31:31","slug":"padre-libanes-fala-sobre-o-estado-islamico-a-perseguicao-aos-cristaos-e-as-relacoes-entre-cristaos-no-oriente-medio","status":"publish","type":"post","link":"https:\/\/catolicanet.net\/wp-cnet\/padre-libanes-fala-sobre-o-estado-islamico-a-perseguicao-aos-cristaos-e-as-relacoes-entre-cristaos-no-oriente-medio\/","title":{"rendered":"Padre liban\u00eas fala sobre o Estado Isl\u00e2mico, a persegui\u00e7\u00e3o aos crist\u00e3os e as rela\u00e7\u00f5es entre crist\u00e3os no Oriente M\u00e9dio"},"content":{"rendered":"<p style=\"text-align: justify;\"><img decoding=\"async\" src=\"http:\/\/catolicanet.com.br\/images\/stories\/geral\/pe-souhail.jpg\" border=\"0\" align=\"left\" \/>PADRE SOUHAIL DIB ISSA, 44, sacerdote liban\u00eas e de fam\u00edlia s\u00edria, ordenado na S\u00edria aos 25 anos de idade, falou a Igor Andrade, \u2013 membro da Associa\u00e7\u00e3o S\u00e3o Pr\u00f3spero, \u2013 sobre o panorama do cristianismo no Oriente M\u00e9dio e os conflitos com os mu\u00e7ulmanos. \u00c9 sempre \u00fatil e aconselh\u00e1vel que nos informemos a respeito de fatos t\u00e3o complexos tendo como ponto de partida o testemunho de quem que viveu (e indiretamente ainda vive) estas realidades a partir de dentro, como experi\u00eancia de vida, mais do que por meio de pesquisas e\/ou estudos.<\/p>\n<p>Em Poucas palavras, qual a hist\u00f3ria do cristianismo no Oriente M\u00e9dio? Como era, como mudou e como est\u00e1 agora?<\/p>\n<p>O cristianismo no Oriente M\u00e9dio foi fundado pelo pr\u00f3prio Senhor Jesus Cristo e seus Santos Ap\u00f3stolos, que come\u00e7arem a pregar em Jerusal\u00e9m e em todo o territ\u00f3rio da S\u00edria (cf. At 11). O cristianismo crescia, com prod\u00edgios e sinais, at\u00e9 o s\u00e9culo VII. Foi quando o dito &#8220;estado isl\u00e2mico&#8221; (EI) invadiu o Oriente m\u00e9dio matando milhares de crist\u00e3os. Apenas os que declararam f\u00e9 no Isl\u00e3 foram salvos da morte e transformados contra os crist\u00e3os que sobraram, gra\u00e7as a lei do imposto pago ao EI. Agora, os crist\u00e3os s\u00e3o muito poucos, lutando para sobreviver.<\/p>\n<p>Como \u00e9 a rela\u00e7\u00e3o entre os crist\u00e3os e os mu\u00e7ulmanos?<\/p>\n<p style=\"text-align: justify;\">Na verdade h\u00e1 dois tipos de mu\u00e7ulmanos. H\u00e1 os fan\u00e1ticos que nos consideram infi\u00e9is e perseguem os crist\u00e3os, e uma segunda parte, de &#8220;moderados&#8221;, que consideram os crist\u00e3os cidad\u00e3os de segundo grau.<\/p>\n<p>O Sr. acha, a partir do que viu e viveu l\u00e1, que as persegui\u00e7\u00f5es sofridas pelos crist\u00e3os s\u00e3o por motivo religioso?<\/p>\n<p>Sim. O motivo \u00e9 cem por cento religioso.<\/p>\n<p>O &#8216;estado isl\u00e2mico&#8217;, localizado em S\u00edria e Iraque, n\u00e3o cessa de inovar nos requintes de crueldade dos seus m\u00e9todos. Recentemente, divulgou um v\u00eddeo que mostra quatro prisioneiros acusados de espionagem (um idoso) acorrentados e sendo lentamente queimados vivos<\/p>\n<p>H\u00e1 muitos crist\u00e3os que vivem, por causa da guerra, no ex\u00edlio?<\/p>\n<p>Se calcularmos as pessoas de todos os pa\u00edses \u00e1rabes, como Palestina, L\u00edbano, S\u00edria, Jord\u00e2nia, Iraque, Egito&#8230; S\u00e3o quase 20 milh\u00f5es de crist\u00e3os exilados(!).<\/p>\n<p>H\u00e1 unidade entre cat\u00f3licos e ortodoxos na regi\u00e3o?<\/p>\n<p>Sim, com certeza. O que os une, primeiro, \u00e9 o Cristo e Nossa Senhora, depois o fato de ser pa\u00eds \u00e1rabe, a mesma cultura, mesmas tradi\u00e7\u00f5es&#8230;<\/p>\n<p>Pe. Souhail diz que no Oriente M\u00e9dio a divis\u00e3o entre crist\u00e3os cat\u00f3licos e ortodoxos n\u00e3o \u00e9 t\u00e3o &#8220;forte&#8221; como no Brasil, especialmente para o povo, que tem la\u00e7os muito fortes de fam\u00edlias mistas, que n\u00e3o veem problemas em participar da Liturgia ou de celebra\u00e7\u00f5es de casamentos em uma e outra Igreja; s\u00e3o frequentes tamb\u00e9m os casamentos mistos (entre cat\u00f3licos e ortodoxos) onde um padre cat\u00f3lico vai \u00e0 celebra\u00e7\u00e3o ortodoxa e aben\u00e7oa, ou um padre ortodoxo vai \u00e0 celebra\u00e7\u00e3o cat\u00f3lica e participa desta. A exce\u00e7\u00e3o fica por conta da Comunh\u00e3o: quando um cat\u00f3lico vai a uma celebra\u00e7\u00e3o ortodoxa, participa de tudo, mas n\u00e3o comunga; da mesma maneira fazem os ortodoxos.<\/p>\n<p>Como est\u00e1 a f\u00e9 deles? Na atual situa\u00e7\u00e3o, o senhor acha que \u201co sangue dos m\u00e1rtires \u00e9 semente de novos crist\u00e3os\u201d?<\/p>\n<p>Sim, porque a igreja foi constru\u00edda sobre a f\u00e9 dos primeiros m\u00e1rtires a partir dos santos Ap\u00f3stolos, que morreram m\u00e1rtires. Essa foi sempre a f\u00e9 da igreja.<\/p>\n<p style=\"text-align: justify;\">Uma rea\u00e7\u00e3o armada por parte dos crist\u00e3os seria uma alternativa para poupar vidas?<\/p>\n<p>Com certeza, se n\u00f3s cremos no Corpo m\u00edstico de Jesus e que n\u00f3s somos os membros deste Corpo santo. Se a sua m\u00e3o est\u00e1 ferida, afeta todo o seu corpo, e o sangue derramado desta m\u00e3o \u00e9 o sangue do corpo todo.<\/p>\n<p>A comunidade internacional faz pouco caso do genoc\u00eddio dos crist\u00e3os?<\/p>\n<p style=\"text-align: justify;\">Sim, faz pouco caso. (&#8230;) Ajudam aos mu\u00e7ulmanos mais do que aos crist\u00e3os perseguidos1. Aqui no Brasil o governo abriu a porta dos refugiados da S\u00edria e vieram muitas fam\u00edlias crist\u00e3s, mas o governo brasileiro n\u00e3o tem capacidade de mant\u00ea-los materialmente; nisso, at\u00e9 agora, n\u00f3s n\u00e3o notamos nenhuma ajuda para essas fam\u00edlias da parte de igreja.<\/p>\n<p style=\"text-align: justify;\">Fonte: O Fiel Cat\u00f3lico<\/p>\n","protected":false},"excerpt":{"rendered":"<p>PADRE SOUHAIL DIB ISSA, 44, sacerdote liban\u00eas e de fam\u00edlia s\u00edria, ordenado na S\u00edria aos 25 anos de idade, falou a Igor Andrade, \u2013 membro da Associa\u00e7\u00e3o S\u00e3o Pr\u00f3spero, \u2013 sobre o panorama do cristianismo no Oriente M\u00e9dio e os conflitos com os mu\u00e7ulmanos. \u00c9 sempre \u00fatil e aconselh\u00e1vel que nos informemos a respeito de [&hellip;]<\/p>\n","protected":false},"author":1,"featured_media":0,"comment_status":"open","ping_status":"open","sticky":false,"template":"","format":"standard","meta":{"footnotes":""},"categories":[4],"tags":[],"class_list":["post-13979","post","type-post","status-publish","format-standard","hentry","category-cotidiano"],"_links":{"self":[{"href":"https:\/\/catolicanet.net\/wp-cnet\/wp-json\/wp\/v2\/posts\/13979","targetHints":{"allow":["GET"]}}],"collection":[{"href":"https:\/\/catolicanet.net\/wp-cnet\/wp-json\/wp\/v2\/posts"}],"about":[{"href":"https:\/\/catolicanet.net\/wp-cnet\/wp-json\/wp\/v2\/types\/post"}],"author":[{"embeddable":true,"href":"https:\/\/catolicanet.net\/wp-cnet\/wp-json\/wp\/v2\/users\/1"}],"replies":[{"embeddable":true,"href":"https:\/\/catolicanet.net\/wp-cnet\/wp-json\/wp\/v2\/comments?post=13979"}],"version-history":[{"count":1,"href":"https:\/\/catolicanet.net\/wp-cnet\/wp-json\/wp\/v2\/posts\/13979\/revisions"}],"predecessor-version":[{"id":24402,"href":"https:\/\/catolicanet.net\/wp-cnet\/wp-json\/wp\/v2\/posts\/13979\/revisions\/24402"}],"wp:attachment":[{"href":"https:\/\/catolicanet.net\/wp-cnet\/wp-json\/wp\/v2\/media?parent=13979"}],"wp:term":[{"taxonomy":"category","embeddable":true,"href":"https:\/\/catolicanet.net\/wp-cnet\/wp-json\/wp\/v2\/categories?post=13979"},{"taxonomy":"post_tag","embeddable":true,"href":"https:\/\/catolicanet.net\/wp-cnet\/wp-json\/wp\/v2\/tags?post=13979"}],"curies":[{"name":"wp","href":"https:\/\/api.w.org\/{rel}","templated":true}]}}