{"id":13978,"date":"2016-03-30T17:31:54","date_gmt":"2016-03-30T20:31:54","guid":{"rendered":"http:\/\/catolicanet.net\/wp-cnet\/2016\/03\/30\/representantes-da-diocese-de-obidos-visitam-comunidade-quilombola\/"},"modified":"2017-05-26T16:09:27","modified_gmt":"2017-05-26T19:09:27","slug":"representantes-da-diocese-de-obidos-visitam-comunidade-quilombola","status":"publish","type":"post","link":"https:\/\/catolicanet.net\/wp-cnet\/representantes-da-diocese-de-obidos-visitam-comunidade-quilombola\/","title":{"rendered":"Representantes da diocese de \u00d3bidos visitam comunidade quilombola"},"content":{"rendered":"<p style=\"text-align: justify;\"><img decoding=\"async\" src=\"http:\/\/catolicanet.com.br\/images\/stories\/geral\/obidos_interna.jpg\" border=\"0\" align=\"left\" \/>Comunidade Jauari localiza-se no munic\u00edpio de Oriximar\u00e1, no Par\u00e1<\/p>\n<p>Dando continuidade aos trabalhos com as comunidades remanescentes de quilombolas, a equipe do Setor Diocesano de Comunica\u00e7\u00e3o da diocese de \u00d3bidos (PA) e as pastorais Social e Catequ\u00e9tica visitaram a comunidade de Jauari nos dias 11 e 12 de mar\u00e7o.<\/p>\n<p>A visita teve como objetivos testemunhar a resist\u00eancia e a integridade dos povos que habitam a regi\u00e3o Amaz\u00f4nica e dela cuidam, procurando preservar suas ra\u00edzes.<\/p>\n<p>Daniel Souza, l\u00edder comunit\u00e1rio, falou da import\u00e2ncia dos que resistiram e dos que ainda hoje resistem nas comunidades remanescentes de quilombolas. Ele lembra que a Igreja foi a primeira institui\u00e7\u00e3o a ouvir o clamor desses povos e tem o dever de assumi-los tamb\u00e9m nos dias atuais. \u201cEm nossa diocese isso \u00e9 algo que n\u00e3o \u00e9 deixado de lado e as comunidades s\u00e3o atendidas tanto na parte religiosa quanto nos encaminhamentos sociais\u201d, afirma.<\/p>\n<p>A equipe diocesana acompanhou ainda os preparativos e os ritos da festividade em celebra\u00e7\u00e3o ao padroeiro da comunidade, S\u00e3o Benedito. Cantos da \u201cFolia de S\u00e3o Benedito\u201d, a \u201cdan\u00e7a do Aiue\u201d, a \u201cDerrubada do Mastro\u201d e o \u201cCanto da Ladainha\u201d finalizaram a noite com apresenta\u00e7\u00f5es culturais de v\u00e1rias comunidades quilombolas da regi\u00e3o.<br \/>Comunidade Jauari<\/p>\n<p>Ap\u00f3s a promulga\u00e7\u00e3o da nova Constitui\u00e7\u00e3o, em 1988, a luta pela titula\u00e7\u00e3o das terras tomou for\u00e7a. Ap\u00f3s longo per\u00edodo a comunidade de Jauari foi titulada com o nome do rio que corre em suas terras: Erepecuru, na regi\u00e3o do Trombetas, Par\u00e1. Os primeiros que chegaram nesta \u00e1rea, h\u00e1 mais de 200 anos, fugiam de uma vida dura de escravid\u00e3o, trazidos da \u00c1frica e escravizados na regi\u00e3o de \u00d3bidos e Alenquer.<br \/>Com informa\u00e7\u00f5es e fotos da diocese de \u00d3bidos<\/p>\n<p>Fonte: CNBB<\/p>\n","protected":false},"excerpt":{"rendered":"<p>Comunidade Jauari localiza-se no munic\u00edpio de Oriximar\u00e1, no Par\u00e1 Dando continuidade aos trabalhos com as comunidades remanescentes de quilombolas, a equipe do Setor Diocesano de Comunica\u00e7\u00e3o da diocese de \u00d3bidos (PA) e as pastorais Social e Catequ\u00e9tica visitaram a comunidade de Jauari nos dias 11 e 12 de mar\u00e7o. A visita teve como objetivos testemunhar [&hellip;]<\/p>\n","protected":false},"author":1,"featured_media":0,"comment_status":"open","ping_status":"open","sticky":false,"template":"","format":"standard","meta":{"footnotes":""},"categories":[7],"tags":[],"class_list":["post-13978","post","type-post","status-publish","format-standard","hentry","category-cnbb"],"_links":{"self":[{"href":"https:\/\/catolicanet.net\/wp-cnet\/wp-json\/wp\/v2\/posts\/13978","targetHints":{"allow":["GET"]}}],"collection":[{"href":"https:\/\/catolicanet.net\/wp-cnet\/wp-json\/wp\/v2\/posts"}],"about":[{"href":"https:\/\/catolicanet.net\/wp-cnet\/wp-json\/wp\/v2\/types\/post"}],"author":[{"embeddable":true,"href":"https:\/\/catolicanet.net\/wp-cnet\/wp-json\/wp\/v2\/users\/1"}],"replies":[{"embeddable":true,"href":"https:\/\/catolicanet.net\/wp-cnet\/wp-json\/wp\/v2\/comments?post=13978"}],"version-history":[{"count":1,"href":"https:\/\/catolicanet.net\/wp-cnet\/wp-json\/wp\/v2\/posts\/13978\/revisions"}],"predecessor-version":[{"id":23793,"href":"https:\/\/catolicanet.net\/wp-cnet\/wp-json\/wp\/v2\/posts\/13978\/revisions\/23793"}],"wp:attachment":[{"href":"https:\/\/catolicanet.net\/wp-cnet\/wp-json\/wp\/v2\/media?parent=13978"}],"wp:term":[{"taxonomy":"category","embeddable":true,"href":"https:\/\/catolicanet.net\/wp-cnet\/wp-json\/wp\/v2\/categories?post=13978"},{"taxonomy":"post_tag","embeddable":true,"href":"https:\/\/catolicanet.net\/wp-cnet\/wp-json\/wp\/v2\/tags?post=13978"}],"curies":[{"name":"wp","href":"https:\/\/api.w.org\/{rel}","templated":true}]}}