{"id":13973,"date":"2016-03-30T14:22:18","date_gmt":"2016-03-30T17:22:18","guid":{"rendered":"http:\/\/catolicanet.net\/wp-cnet\/2016\/03\/30\/menina-de-5-anos-ficando-cega-vai-realizar-seu-sonho-ver-pessoalmente-o-papa-francisco\/"},"modified":"2017-05-31T11:15:01","modified_gmt":"2017-05-31T14:15:01","slug":"menina-de-5-anos-ficando-cega-vai-realizar-seu-sonho-ver-pessoalmente-o-papa-francisco","status":"publish","type":"post","link":"https:\/\/catolicanet.net\/wp-cnet\/menina-de-5-anos-ficando-cega-vai-realizar-seu-sonho-ver-pessoalmente-o-papa-francisco\/","title":{"rendered":"Menina de 5 anos, ficando cega, vai realizar seu sonho: ver pessoalmente o papa Francisco"},"content":{"rendered":"<p style=\"text-align: justify;\"><img decoding=\"async\" src=\"http:\/\/catolicanet.com.br\/images\/stories\/geral\/lizzy-2-2-2.jpg\" border=\"0\" align=\"left\" \/>Hoje, no Vaticano, a pequena Lizzy quer gravar em seus olhinhos doentes uma das \u00faltimas e mais desejadas imagens de algu\u00e9m especial. Mas por que Francisco?<\/p>\n<p>O papa Francisco \u00e9, de modo muito especial, uma das pessoas que ela mais deseja ver pessoalmente antes de perder por completo a vis\u00e3o. A pequena Elizabeth Myers, ou Lizzy para os mais pr\u00f3ximos, tem 5 anos de idade e vive no seu Estado norte-americano natal de Ohio, junto com a irm\u00e3zinha de 3 anos e os pais de origem italiana.<\/p>\n<p>Desde que nasceu, Lizzy trava uma batalha, cruel e in\u00fatil, contra uma doen\u00e7a gen\u00e9tica rara, a s\u00edndrome de Usher, que a condena a uma cegueira inevit\u00e1vel.<\/p>\n<p>Antes que os seus olhinhos fiquem velados irremediavelmente e para sempre, por\u00e9m, o papa Francisco a receber\u00e1 no Vaticano hoje, 30 de mar\u00e7o: Lizzy ser\u00e1 abra\u00e7ada pelo Santo Padre, que, com seu carinho de vov\u00f4 j\u00e1 reconhecido pelo mundo inteiro, lhe dar\u00e1 coragem para continuar enfrentando esse desafio t\u00e3o incompreens\u00edvel.<\/p>\n<p>A prop\u00f3sito: n\u00e3o custa lembrar que o pr\u00f3prio papa Francisco afirmou recentemente que nunca conseguiu entender por que as crian\u00e7as sofrem. Este sempre foi um dos mist\u00e9rios mais densos e at\u00e9 revoltantes do ponto de vista humano a respeito de Deus, porque \u00e9 aparentemente incompat\u00edvel e irreconcili\u00e1vel com um Deus bom e justo. Francisco tinha se manifestado sobre este mist\u00e9rio ao responder \u00e0 pergunta de uma crian\u00e7a, que queria saber qual \u00e9 o milagre que o papa gostaria de fazer. Ele disse:<\/p>\n<p> \u201cCuraria todas as crian\u00e7as. Eu ainda n\u00e3o consegui entender por que as crian\u00e7as sofrem. Para mim, \u00e9 um mist\u00e9rio. Eu n\u00e3o sei dar uma explica\u00e7\u00e3o\u2026 Eu rezo fazendo a Deus esta pergunta: por que as crian\u00e7as sofrem? A minha resposta para a dor das crian\u00e7as \u00e9 o sil\u00eancio, ou alguma palavra que nasce das minhas l\u00e1grimas. Eu n\u00e3o tenho medo de chorar. Voc\u00ea tamb\u00e9m n\u00e3o precisa ter\u201d.<\/p>\n<p>A vis\u00e3o da pequena Lizzy se degrada sem volta atr\u00e1s e a fam\u00edlia tomou a decis\u00e3o de lhe oferecer o desejado encontro pessoal com o papa Francisco no Vaticano \u2013 um desejo que a menina manifesta com frequ\u00eancia!<\/p>\n<p>Ontem, 29 de mar\u00e7o, Lizzy e sua fam\u00edlia chegaram a Roma a bordo de um voo gratuitamente oferecido pela companhia a\u00e9rea Turkish Airlines: o sonho estava se tornando realidade!<\/p>\n<p>Na capital da It\u00e1lia, toda a fam\u00edlia est\u00e1 recebendo as aten\u00e7\u00f5es dos volunt\u00e1rios da Unitalsi, uma associa\u00e7\u00e3o cat\u00f3lica italiana de ajuda a peregrinos e doentes e que \u00e9 a coluna vertebral deste comovente projeto.<\/p>\n<p>As autoridades do Vaticano informaram, ontem, que \u201co Santo Padre ficar\u00e1 encantado de encontrar a pequena Lizzy ao final da audi\u00eancia desta quarta-feira, 30 de mar\u00e7o\u201d: uma gra\u00e7a que, no geral, \u00e9 muito dif\u00edcil de oferecer a todos os fi\u00e9is.<\/p>\n<p>Mas por que uma menininha de uma distante localidade da Am\u00e9rica do Norte deseja tanto que uma das \u00faltimas imagens gravadas em seus olhinhos doentes seja a do papa Francisco?<\/p>\n<p>O que impressionou Lizzy, segundo seus parentes, foram a sinceridade e o car\u00e1ter paternal do di\u00e1logo entre o papa e as crian\u00e7as e jovens.<\/p>\n<p>Francisco \u00e9 reconhecido como um l\u00edder mundial que, n\u00e3o satisfeito com a renova\u00e7\u00e3o apenas da Igreja cat\u00f3lica, tamb\u00e9m tem revolucionado a maneira de dialogar com gera\u00e7\u00f5es de jovens que, independentemente de religi\u00e3o ou ideologia, valorizam o seu estilo aberto e transparente, a sua prioriza\u00e7\u00e3o da espontaneidade sobre o protocolo, a sua recusa aos privil\u00e9gios, as suas palavras de miseric\u00f3rdia e perd\u00e3o, a sua proximidade das pessoas de todas as classes sociais, a sua aten\u00e7\u00e3o concreta e n\u00e3o apenas discursiva pelos pobres, pelos doentes e por todos os que sofrem \u2013 como a pequena Lizzy, que, embora tenha os olhinhos do corpo condenados a uma revoltante escurid\u00e3o, mant\u00e9m os olhos da alma brilhantes e v\u00edvidos, capazes de enxergar o que muitos adultos t\u00eam debaixo de seus narizes, mas s\u00e3o cegos demais para ver.<\/p>\n<p style=\"text-align: justify;\">Fonte: Aleteia<\/p>\n","protected":false},"excerpt":{"rendered":"<p>Hoje, no Vaticano, a pequena Lizzy quer gravar em seus olhinhos doentes uma das \u00faltimas e mais desejadas imagens de algu\u00e9m especial. Mas por que Francisco? O papa Francisco \u00e9, de modo muito especial, uma das pessoas que ela mais deseja ver pessoalmente antes de perder por completo a vis\u00e3o. A pequena Elizabeth Myers, ou [&hellip;]<\/p>\n","protected":false},"author":1,"featured_media":0,"comment_status":"open","ping_status":"open","sticky":false,"template":"","format":"standard","meta":{"footnotes":""},"categories":[4],"tags":[],"class_list":["post-13973","post","type-post","status-publish","format-standard","hentry","category-cotidiano"],"_links":{"self":[{"href":"https:\/\/catolicanet.net\/wp-cnet\/wp-json\/wp\/v2\/posts\/13973","targetHints":{"allow":["GET"]}}],"collection":[{"href":"https:\/\/catolicanet.net\/wp-cnet\/wp-json\/wp\/v2\/posts"}],"about":[{"href":"https:\/\/catolicanet.net\/wp-cnet\/wp-json\/wp\/v2\/types\/post"}],"author":[{"embeddable":true,"href":"https:\/\/catolicanet.net\/wp-cnet\/wp-json\/wp\/v2\/users\/1"}],"replies":[{"embeddable":true,"href":"https:\/\/catolicanet.net\/wp-cnet\/wp-json\/wp\/v2\/comments?post=13973"}],"version-history":[{"count":1,"href":"https:\/\/catolicanet.net\/wp-cnet\/wp-json\/wp\/v2\/posts\/13973\/revisions"}],"predecessor-version":[{"id":26238,"href":"https:\/\/catolicanet.net\/wp-cnet\/wp-json\/wp\/v2\/posts\/13973\/revisions\/26238"}],"wp:attachment":[{"href":"https:\/\/catolicanet.net\/wp-cnet\/wp-json\/wp\/v2\/media?parent=13973"}],"wp:term":[{"taxonomy":"category","embeddable":true,"href":"https:\/\/catolicanet.net\/wp-cnet\/wp-json\/wp\/v2\/categories?post=13973"},{"taxonomy":"post_tag","embeddable":true,"href":"https:\/\/catolicanet.net\/wp-cnet\/wp-json\/wp\/v2\/tags?post=13973"}],"curies":[{"name":"wp","href":"https:\/\/api.w.org\/{rel}","templated":true}]}}