{"id":13972,"date":"2016-03-30T14:13:50","date_gmt":"2016-03-30T17:13:50","guid":{"rendered":"http:\/\/catolicanet.net\/wp-cnet\/2016\/03\/30\/tudo-fazer-para-restaurar-a-paz-arcebispo-de-maputo-na-celebracao-pascal\/"},"modified":"2017-06-02T14:35:37","modified_gmt":"2017-06-02T17:35:37","slug":"tudo-fazer-para-restaurar-a-paz-arcebispo-de-maputo-na-celebracao-pascal","status":"publish","type":"post","link":"https:\/\/catolicanet.net\/wp-cnet\/tudo-fazer-para-restaurar-a-paz-arcebispo-de-maputo-na-celebracao-pascal\/","title":{"rendered":"Tudo fazer para restaurar a paz: arcebispo de Maputo na celebra\u00e7\u00e3o pascal"},"content":{"rendered":"<p style=\"text-align: justify;\"><img decoding=\"async\" src=\"http:\/\/catolicanet.com.br\/images\/stories\/geral\/other1244183_articolo.jpg\" border=\"0\" align=\"left\" \/>O Arcebispo de Maputo, Dom Francisco Chimoio, reiterou a necessidade de os mo\u00e7ambicanos tudo fazerem para a restaura\u00e7\u00e3o da paz no pa\u00eds, pois a Paz \u00e9 um dom de Deus e deve ser preservado. De acordo com D. Chimoio, neste momento de tens\u00e3o pol\u00edtico-militar, n\u00e3o importa saber quem \u00e9 ou n\u00e3o o culpado, mas sim, restaurar a paz, atrav\u00e9s de um di\u00e1logo sincero e honesto.<\/p>\n<p>Por seu turno o Chefe do Estado mo\u00e7ambicano, Filipe Nyusi, que tamb\u00e9m participou da celebra\u00e7\u00e3o na Quinta-feira Santa, na S\u00e9 Catedral de Maputo, disse no contacto com a imprensa que os mo\u00e7ambicanos devem fazer da P\u00e1scoa um momento de reflex\u00e3o, perd\u00e3o,\u00a0 reconcilia\u00e7\u00e3o e solidariedade. E, numa altura em que o pa\u00eds vive uma tens\u00e3o pol\u00edtico-militar, o estadista mo\u00e7ambicano reiterou o apelo \u00e0 paz e ao di\u00e1logo para ultrapassar qualquer conflito.<\/p>\n<p>De referir que estes apelos \u00e0 paz em Mo\u00e7ambique acontecem numa altura em que o pa\u00eds est\u00e1 mergulhado numa instabilidade pol\u00edtica, caracterizada por confrontos armados entre For\u00e7as governamentais e homens armados da Renamo, o maior partido da oposi\u00e7\u00e3o em Mo\u00e7ambique.<\/p>\n<p>Herm\u00ednio Jos\u00e9, Maputo.<br \/>Fonte: R\u00e1dio Vaticano<\/p>\n","protected":false},"excerpt":{"rendered":"<p>O Arcebispo de Maputo, Dom Francisco Chimoio, reiterou a necessidade de os mo\u00e7ambicanos tudo fazerem para a restaura\u00e7\u00e3o da paz no pa\u00eds, pois a Paz \u00e9 um dom de Deus e deve ser preservado. De acordo com D. Chimoio, neste momento de tens\u00e3o pol\u00edtico-militar, n\u00e3o importa saber quem \u00e9 ou n\u00e3o o culpado, mas sim, [&hellip;]<\/p>\n","protected":false},"author":1,"featured_media":0,"comment_status":"open","ping_status":"open","sticky":false,"template":"","format":"standard","meta":{"footnotes":""},"categories":[3],"tags":[],"class_list":["post-13972","post","type-post","status-publish","format-standard","hentry","category-vaticano"],"_links":{"self":[{"href":"https:\/\/catolicanet.net\/wp-cnet\/wp-json\/wp\/v2\/posts\/13972","targetHints":{"allow":["GET"]}}],"collection":[{"href":"https:\/\/catolicanet.net\/wp-cnet\/wp-json\/wp\/v2\/posts"}],"about":[{"href":"https:\/\/catolicanet.net\/wp-cnet\/wp-json\/wp\/v2\/types\/post"}],"author":[{"embeddable":true,"href":"https:\/\/catolicanet.net\/wp-cnet\/wp-json\/wp\/v2\/users\/1"}],"replies":[{"embeddable":true,"href":"https:\/\/catolicanet.net\/wp-cnet\/wp-json\/wp\/v2\/comments?post=13972"}],"version-history":[{"count":1,"href":"https:\/\/catolicanet.net\/wp-cnet\/wp-json\/wp\/v2\/posts\/13972\/revisions"}],"predecessor-version":[{"id":28676,"href":"https:\/\/catolicanet.net\/wp-cnet\/wp-json\/wp\/v2\/posts\/13972\/revisions\/28676"}],"wp:attachment":[{"href":"https:\/\/catolicanet.net\/wp-cnet\/wp-json\/wp\/v2\/media?parent=13972"}],"wp:term":[{"taxonomy":"category","embeddable":true,"href":"https:\/\/catolicanet.net\/wp-cnet\/wp-json\/wp\/v2\/categories?post=13972"},{"taxonomy":"post_tag","embeddable":true,"href":"https:\/\/catolicanet.net\/wp-cnet\/wp-json\/wp\/v2\/tags?post=13972"}],"curies":[{"name":"wp","href":"https:\/\/api.w.org\/{rel}","templated":true}]}}