{"id":13951,"date":"2016-03-29T13:09:58","date_gmt":"2016-03-29T16:09:58","guid":{"rendered":"http:\/\/catolicanet.net\/wp-cnet\/2016\/03\/29\/portugal-reposicao-dos-feriados-e-lum-ato-de-pedagogia-civicar\/"},"modified":"2017-05-31T11:16:34","modified_gmt":"2017-05-31T14:16:34","slug":"portugal-reposicao-dos-feriados-e-lum-ato-de-pedagogia-civicar","status":"publish","type":"post","link":"https:\/\/catolicanet.net\/wp-cnet\/portugal-reposicao-dos-feriados-e-lum-ato-de-pedagogia-civicar\/","title":{"rendered":"Portugal: Reposi\u00e7\u00e3o dos feriados \u00e9 \u00abum ato de pedagogia c\u00edvica\u00bb"},"content":{"rendered":"<p style=\"text-align: justify;\"><img decoding=\"async\" src=\"http:\/\/catolicanet.com.br\/images\/stories\/geral\/antonio_costa_assinatura.jpg\" border=\"0\" align=\"left\" \/>Primeiro-ministro assinou a lei depois de promulgada pelo presidente da Rep\u00fablica<\/p>\n<p>Lisboa, 28 mar 2015 (Ecclesia) \u2013\u00a0 O primeiro-ministro de Portugal assinou hoje a lei da Assembleia da Rep\u00fablica que restabelece\u00a0 os quatro feriados nacionais suspensos em 2012, na cerim\u00f3nia de referenda, e afirmou que a sua reposi\u00e7\u00e3o \u00e9 \u201cum ato de pedagogia c\u00edvica\u201d.<\/p>\n<p>\u201cTemos a obriga\u00e7\u00e3o de comemorar as grandes datas nacionais com sentido patri\u00f3tico, atitude contempor\u00e2nea e capacidade de mobilizar e unir os portugueses\u201d, disse Ant\u00f3nio Costa na Sociedade Hist\u00f3rica para a Independ\u00eancia de Portugal.<\/p>\n<p>A interven\u00e7\u00e3o do primeiro-ministro de Portugal decorreu na cerim\u00f3nia emblem\u00e1tica de referenda da Lei da Assembleia da Rep\u00fablica que rep\u00f5e quatro feriados nacionais, dois civis (5 de outubro e 1 de dezembro) e dois religiosos (Corpo de Deus e Todos dos Santos), suspensos em 2012.<\/p>\n<p>A referenda \u00e9 a fase do processo legislativo antes da publica\u00e7\u00e3o de um diploma legal em Di\u00e1rio da Rep\u00fablica, consistindo na sua assinatura pelo primeiro-ministro.<\/p>\n<p>\u201cAo restabelecer estes feriados, estamos a afirmar que a Hist\u00f3ria, a mem\u00f3ria, a cultura e a identidade de Portugal n\u00e3o s\u00e3o valores ef\u00e9meros, dispens\u00e1veis, instrumentais ou secund\u00e1rios que possam ser depreciados, transacionados ou esquecidos em nome de considera\u00e7\u00f5es circunstanciais ou de prop\u00f3sitos imediatistas ou utilitaristas\u201d, afirmou Ant\u00f3nio Costa.<\/p>\n<p>O decreto que rep\u00f5e os quatro feriados em Portugal foi promulgado pelo presidente da Rep\u00fablica no dia 18 de mar\u00e7o, depois de aprovado pela Assembleia da Rep\u00fablica a 8 de janeiro, dia em que o secret\u00e1rio de Estado dos Assuntos Parlamentares, Pedro Nuno Santos, comunicou que a Santa S\u00e9 se manifestou favor\u00e1vel \u00e0 reposi\u00e7\u00e3o dos dois feriados religiosos.<\/p>\n<p>A suspens\u00e3o dos feriados religiosos foi resultado de um &#8220;entendimento excecional&#8221; entre a Santa S\u00e9 e o Governo portugu\u00eas, em 2012, com uma dura\u00e7\u00e3o m\u00e1xima prevista de cinco anos.<\/p>\n<p>O artigo terceiro da Concordata de 2004, assinada entre Portugal e a Santa S\u00e9, indica que os dias &#8220;festivos cat\u00f3licos&#8221;, al\u00e9m dos domingos, &#8220;s\u00e3o definidos por acordo&#8221;.<\/p>\n<p>O artigo 28.\u00ba prev\u00ea que o conte\u00fado do acordo diplom\u00e1tico &#8220;pode ser desenvolvido por acordos celebrados entre as autoridades competentes da Igreja Cat\u00f3lica e da Rep\u00fablica Portuguesa&#8221;.<\/p>\n<p>J\u00e1 o artigo 30.\u00ba estabelece que se reconhecem como dias festivos cat\u00f3licos o Ano Novo e Nossa Senhora, M\u00e3e de Deus (1 de janeiro), Corpo de Deus (60 dias depois da P\u00e1scoa), Assun\u00e7\u00e3o (15 de agosto), Todos os Santos (1 de novembro), Imaculada Concei\u00e7\u00e3o (8 de dezembro) e Natal (25 de dezembro).<\/p>\n<p>Ao abrigo do artigo 30.\u00ba da Concordata entre a Santa S\u00e9 e a Rep\u00fablica Portuguesa de 18 de maio de 2004, as solenidades de Corpo de Deus e Todos os Santos s\u00e3o novamente reconhecidas pelo Estado Portugu\u00eas como dias festivos cat\u00f3licos com car\u00e1ter de feriados nacionais.<\/p>\n<p>O dia do Corpo de Deus (solenidade lit\u00fargica do Sant\u00edssimo Corpo e Sangue de Cristo, no calend\u00e1rio cat\u00f3lico) \u00e9 um feriado m\u00f3vel, celebrado sempre a uma quinta-feira e 60 dias depois da P\u00e1scoa, que este ano se festeja a 26 de maio.<\/p>\n<p>A solenidade de Todos os Santos \u00e9 um feriado fixo, assinalado a 1 de novembro.<\/p>\n<p style=\"text-align: justify;\">Fonte: Agencia Ecclesia<\/p>\n","protected":false},"excerpt":{"rendered":"<p>Primeiro-ministro assinou a lei depois de promulgada pelo presidente da Rep\u00fablica Lisboa, 28 mar 2015 (Ecclesia) \u2013\u00a0 O primeiro-ministro de Portugal assinou hoje a lei da Assembleia da Rep\u00fablica que restabelece\u00a0 os quatro feriados nacionais suspensos em 2012, na cerim\u00f3nia de referenda, e afirmou que a sua reposi\u00e7\u00e3o \u00e9 \u201cum ato de pedagogia c\u00edvica\u201d. \u201cTemos [&hellip;]<\/p>\n","protected":false},"author":1,"featured_media":0,"comment_status":"open","ping_status":"open","sticky":false,"template":"","format":"standard","meta":{"footnotes":""},"categories":[4],"tags":[],"class_list":["post-13951","post","type-post","status-publish","format-standard","hentry","category-cotidiano"],"_links":{"self":[{"href":"https:\/\/catolicanet.net\/wp-cnet\/wp-json\/wp\/v2\/posts\/13951","targetHints":{"allow":["GET"]}}],"collection":[{"href":"https:\/\/catolicanet.net\/wp-cnet\/wp-json\/wp\/v2\/posts"}],"about":[{"href":"https:\/\/catolicanet.net\/wp-cnet\/wp-json\/wp\/v2\/types\/post"}],"author":[{"embeddable":true,"href":"https:\/\/catolicanet.net\/wp-cnet\/wp-json\/wp\/v2\/users\/1"}],"replies":[{"embeddable":true,"href":"https:\/\/catolicanet.net\/wp-cnet\/wp-json\/wp\/v2\/comments?post=13951"}],"version-history":[{"count":1,"href":"https:\/\/catolicanet.net\/wp-cnet\/wp-json\/wp\/v2\/posts\/13951\/revisions"}],"predecessor-version":[{"id":26245,"href":"https:\/\/catolicanet.net\/wp-cnet\/wp-json\/wp\/v2\/posts\/13951\/revisions\/26245"}],"wp:attachment":[{"href":"https:\/\/catolicanet.net\/wp-cnet\/wp-json\/wp\/v2\/media?parent=13951"}],"wp:term":[{"taxonomy":"category","embeddable":true,"href":"https:\/\/catolicanet.net\/wp-cnet\/wp-json\/wp\/v2\/categories?post=13951"},{"taxonomy":"post_tag","embeddable":true,"href":"https:\/\/catolicanet.net\/wp-cnet\/wp-json\/wp\/v2\/tags?post=13951"}],"curies":[{"name":"wp","href":"https:\/\/api.w.org\/{rel}","templated":true}]}}