{"id":13950,"date":"2016-03-29T13:01:40","date_gmt":"2016-03-29T16:01:40","guid":{"rendered":"http:\/\/catolicanet.net\/wp-cnet\/2016\/03\/29\/francisco-felicita-amigo-armenio-na-argentina\/"},"modified":"2017-06-02T10:35:32","modified_gmt":"2017-06-02T13:35:32","slug":"francisco-felicita-amigo-armenio-na-argentina","status":"publish","type":"post","link":"https:\/\/catolicanet.net\/wp-cnet\/francisco-felicita-amigo-armenio-na-argentina\/","title":{"rendered":"Francisco felicita amigo arm\u00eanio na Argentina"},"content":{"rendered":"<p style=\"text-align: justify;\"><img decoding=\"async\" src=\"http:\/\/catolicanet.com.br\/images\/stories\/geral\/ap2852633_articolo.jpg\" border=\"0\" align=\"left\" \/>O Papa Francisco enviou uma carta ao l\u00edder da Igreja arm\u00eania na Argentina e Chile, o Arcebispo Kissag Mouradian, para felicit\u00e1-lo pelos 25 anos de sua consagra\u00e7\u00e3o episcopal, segundo divulgou o Centro Arm\u00eanio da Rep\u00fablica Argentina, em comunicado.<\/p>\n<p>\u201cDesde aqui, me uno a esta celebra\u00e7\u00e3o e \u00e0 ora\u00e7\u00e3o de a\u00e7\u00e3o de gra\u00e7as\u201d, afirma a carta do Pont\u00edfice a Mouradian, recebida poucos dias antes do anivers\u00e1rio, celebrado em 22 de mar\u00e7o passado.<\/p>\n<p>\u201cQuerido irm\u00e3o\u201d, come\u00e7a Francisco, \u201cdesejo que o Senhor lhe retribua todo o bem que fazes\u201d, prossegue. \u201cDou gra\u00e7as a Deus por teu minist\u00e9rio e rezo para que siga fecundo; e por favor, pe\u00e7o que n\u00e3o te esque\u00e7as de rezar por mim\u201d, acrescenta. <\/p>\n<p>Forte amizade<\/p>\n<p>No texto, o Pont\u00edfice cumprimenta tamb\u00e9m os membros da \u201cquerida comunidade arm\u00eania\u201d, antes de se despedir com um \u201cfraternalmente, Francisco\u201d.<br \/>Segundo o Centro Arm\u00eanio, o Papa e Mouradian mant\u00eam uma \u201cgrande rela\u00e7\u00e3o de amizade\u201d desde a \u00e9poca em que o Cardeal Jorge Bergoglio era arcebispo de Buenos Aires. <\/p>\n<p>Fonte: R\u00e1dio Vaticano<\/p>\n","protected":false},"excerpt":{"rendered":"<p>O Papa Francisco enviou uma carta ao l\u00edder da Igreja arm\u00eania na Argentina e Chile, o Arcebispo Kissag Mouradian, para felicit\u00e1-lo pelos 25 anos de sua consagra\u00e7\u00e3o episcopal, segundo divulgou o Centro Arm\u00eanio da Rep\u00fablica Argentina, em comunicado. \u201cDesde aqui, me uno a esta celebra\u00e7\u00e3o e \u00e0 ora\u00e7\u00e3o de a\u00e7\u00e3o de gra\u00e7as\u201d, afirma a carta [&hellip;]<\/p>\n","protected":false},"author":1,"featured_media":0,"comment_status":"open","ping_status":"open","sticky":false,"template":"","format":"standard","meta":{"footnotes":""},"categories":[3],"tags":[],"class_list":["post-13950","post","type-post","status-publish","format-standard","hentry","category-vaticano"],"_links":{"self":[{"href":"https:\/\/catolicanet.net\/wp-cnet\/wp-json\/wp\/v2\/posts\/13950","targetHints":{"allow":["GET"]}}],"collection":[{"href":"https:\/\/catolicanet.net\/wp-cnet\/wp-json\/wp\/v2\/posts"}],"about":[{"href":"https:\/\/catolicanet.net\/wp-cnet\/wp-json\/wp\/v2\/types\/post"}],"author":[{"embeddable":true,"href":"https:\/\/catolicanet.net\/wp-cnet\/wp-json\/wp\/v2\/users\/1"}],"replies":[{"embeddable":true,"href":"https:\/\/catolicanet.net\/wp-cnet\/wp-json\/wp\/v2\/comments?post=13950"}],"version-history":[{"count":1,"href":"https:\/\/catolicanet.net\/wp-cnet\/wp-json\/wp\/v2\/posts\/13950\/revisions"}],"predecessor-version":[{"id":27968,"href":"https:\/\/catolicanet.net\/wp-cnet\/wp-json\/wp\/v2\/posts\/13950\/revisions\/27968"}],"wp:attachment":[{"href":"https:\/\/catolicanet.net\/wp-cnet\/wp-json\/wp\/v2\/media?parent=13950"}],"wp:term":[{"taxonomy":"category","embeddable":true,"href":"https:\/\/catolicanet.net\/wp-cnet\/wp-json\/wp\/v2\/categories?post=13950"},{"taxonomy":"post_tag","embeddable":true,"href":"https:\/\/catolicanet.net\/wp-cnet\/wp-json\/wp\/v2\/tags?post=13950"}],"curies":[{"name":"wp","href":"https:\/\/api.w.org\/{rel}","templated":true}]}}